{"id":1485,"date":"2021-10-27T14:03:50","date_gmt":"2021-10-27T12:03:50","guid":{"rendered":"https:\/\/hotelborgia.com\/blog\/?p=1485"},"modified":"2021-12-20T14:08:53","modified_gmt":"2021-12-20T13:08:53","slug":"ciclo-de-conferencias-del-ano-jubilar-de-san-francisco-de-borja","status":"publish","type":"post","link":"https:\/\/hotelborgia.com\/blog\/ciclo-de-conferencias-del-ano-jubilar-de-san-francisco-de-borja\/","title":{"rendered":"Ciclo de conferencias del A\u00f1o Jubilar de San Francisco de Borja"},"content":{"rendered":"\n<figure class=\"wp-block-image size-large\"><img loading=\"lazy\" decoding=\"async\" width=\"719\" height=\"1024\" src=\"https:\/\/hotelborgia.com\/blog\/wp-content\/uploads\/2021\/10\/Captura-de-pantalla-2021-10-27-a-las-13.44.06-copy-719x1024.jpg\" alt=\"Ciclo conferencias San Francisco de Borja\" class=\"wp-image-1486\" srcset=\"https:\/\/hotelborgia.com\/blog\/wp-content\/uploads\/2021\/10\/Captura-de-pantalla-2021-10-27-a-las-13.44.06-copy-719x1024.jpg 719w, https:\/\/hotelborgia.com\/blog\/wp-content\/uploads\/2021\/10\/Captura-de-pantalla-2021-10-27-a-las-13.44.06-copy-211x300.jpg 211w, https:\/\/hotelborgia.com\/blog\/wp-content\/uploads\/2021\/10\/Captura-de-pantalla-2021-10-27-a-las-13.44.06-copy-768x1094.jpg 768w, https:\/\/hotelborgia.com\/blog\/wp-content\/uploads\/2021\/10\/Captura-de-pantalla-2021-10-27-a-las-13.44.06-copy.jpg 818w\" sizes=\"auto, (max-width: 719px) 100vw, 719px\" \/><\/figure>\n\n\n\n<p class=\"has-drop-cap\">Dentro de los eventos previstos en las celebraciones del <a href=\"https:\/\/hotelborgia.com\/blog\/ano-jubilar-de-san-francisco-de-borja\/\" title=\"A\u00f1o Jubilar de San Francisco de Borja\">A\u00f1o Jubilar de San Francisco de Borja<\/a> en Gandia se han organizado una serie de conferencias sobre la figura del Santo por especialistas en la materia.<\/p>\n\n\n\n<!--more-->\n\n\n\n<h2 class=\"wp-block-heading\">Informaci\u00f3n<\/h2>\n\n\n\n<p>Este ciclo de conferencias tiene como principal objetivo dar a conocer a este poli\u00e9drico personaje en sus diferentes facetas, tanto la diplom\u00e1tica como la espiritual, considerado como una de las personalidades m\u00e1s importantes del siglo XVI a nivel internacional.<\/p>\n\n\n\n<p><a href=\"https:\/\/hotelborgia.com\/blog\/wp-content\/uploads\/2021\/10\/Diptico_Conferencias_anojubilar.pdf\" target=\"_blank\" rel=\"noreferrer noopener\" title=\"https:\/\/hotelborgia.com\/blog\/wp-content\/uploads\/2021\/10\/Diptico_Conferencias_anojubilar.pdf\">Descarga en pdf el programa<\/a><\/p>\n\n\n\n<h2 class=\"wp-block-heading\">Conferencias<\/h2>\n\n\n\n<h4 class=\"wp-block-heading\">Notas para una biograf\u00eda alternativa de Francisco de Borja, IV duque de Gandia<\/h4>\n\n\n\n<p><strong>Mi\u00e9rcoles, 3 de noviembre a las 20:00 <\/strong>por Santiago La Parra L\u00f3pez,<br>Profesor titular de la Universitat Polit\u00e8cnica de Val\u00e8ncia<\/p>\n\n\n\n<p class=\"has-text-color\" style=\"color:#a31f00\">Puedes ver esta conferencia en<a href=\"https:\/\/www.youtube.com\/watch?v=eW0wKWeS5EE\" target=\"_blank\" rel=\"noreferrer noopener\" title=\"https:\/\/www.youtube.com\/watch?v=eW0wKWeS5EE\"> youtube<\/a><\/p>\n\n\n\n<hr class=\"wp-block-separator\"\/>\n\n\n\n<h4 class=\"wp-block-heading\">Francisco de Borja y los modelos de santidad<\/h4>\n\n\n\n<p><meta charset=\"utf-8\"><strong>Mi\u00e9rcoles, 17 de noviembre a las 20:00 <\/strong>por Henar Pizarro Llorente, Profesora de la Universidad Pontificia de Comillas.<\/p>\n\n\n\n<p class=\"has-text-color\" style=\"color:#a31f00\"><meta charset=\"utf-8\">Puedes ver esta conferencia en<a href=\"https:\/\/www.youtube.com\/watch?v=OmUiqZ1Of3w\" target=\"_blank\" rel=\"noreferrer noopener\" title=\"https:\/\/www.youtube.com\/watch?v=OmUiqZ1Of3w\"> youtube<\/a><\/p>\n\n\n\n<hr class=\"wp-block-separator\"\/>\n\n\n\n<h4 class=\"wp-block-heading\">Francisco de Borja jesuita: vocaci\u00f3n y servicio<\/h4>\n\n\n\n<p><meta charset=\"utf-8\"><strong>Mi\u00e9rcoles, 1 de diciembre a las 20:00<\/strong> por Enrique Garc\u00eda Hern\u00e1n, Profesor de Investigaci\u00f3n del Instituto de Historia en el Centro de Ciencias Humanas y Sociales del CSIC.<meta charset=\"utf-8\"><\/p>\n\n\n\n<p class=\"has-text-color\" style=\"color:#a31f00\">Puedes ver esta conferencia en<a href=\"https:\/\/www.youtube.com\/watch?v=pNZpBOLn630\" target=\"_blank\" rel=\"noreferrer noopener\" title=\"https:\/\/www.youtube.com\/watch?v=eW0wKWeS5EE\"> youtube<\/a><\/p>\n\n\n\n<hr class=\"wp-block-separator\"\/>\n\n\n\n<h4 class=\"wp-block-heading\">Espiritualidad y vida interior de Francisco de Borja<\/h4>\n\n\n\n<p><meta charset=\"utf-8\"><strong>Mi\u00e9rcoles, 15 de diciembre a las 20:00<\/strong> por Jos\u00e9 Garc\u00eda de Castro Vald\u00e9s,  Profesor de Teolog\u00eda espiritual y espiritualidad ignaciana en la Universidad P. Comillas de Madrid.<\/p>\n\n\n\n<p class=\"has-text-color\" style=\"color:#a31f00\"><meta charset=\"utf-8\">Puedes ver esta conferencia en<a href=\"https:\/\/www.youtube.com\/watch?v=EDD5xmUXbDM\" target=\"_blank\" rel=\"noreferrer noopener\" title=\"https:\/\/www.youtube.com\/watch?v=EDD5xmUXbDM\"> youtube<\/a><\/p>\n\n\n\n<hr class=\"wp-block-separator\"\/>\n\n\n\n<p>Desde el 3 de octubre del 2021 hasta el 3 de octubre del 2022 se celebra el <a href=\"https:\/\/hotelborgia.com\/blog\/ano-jubilar-de-san-francisco-de-borja\/\" title=\"A\u00f1o Jubilar de San Francisco de Borja\">A\u00f1o Jubilar de San Francisco de Borja <\/a>en el que se conmemoran el 350 aniversario de su canonizaci\u00f3n y el 450 de su muerte. <\/p>\n<div data-animation=\"no-animation\" data-icons-animation=\"no-animation\" data-overlay=\"\" data-change-size=\"\" data-button-size=\"0.7\" style=\"font-size:0.7em!important;display:none;\" class=\"supsystic-social-sharing supsystic-social-sharing-package-flat supsystic-social-sharing-hide-on-homepage supsystic-social-sharing-spacing supsystic-social-sharing-content supsystic-social-sharing-content-align-center\" data-text=\"\"><a data-networks=\"[]\" class=\"social-sharing-button sharer-flat sharer-flat-4 counter-standard without-counter facebook\" target=\"_blank\" title=\"Facebook\" href=\"http:\/\/www.facebook.com\/sharer.php?u=https%3A%2F%2Fhotelborgia.com%2Fblog%2Fciclo-de-conferencias-del-ano-jubilar-de-san-francisco-de-borja%2F\" data-main-href=\"http:\/\/www.facebook.com\/sharer.php?u={url}\" data-nid=\"1\" data-name=\"\" data-pid=\"1\" data-post-id=\"1485\" data-url=\"https:\/\/hotelborgia.com\/blog\/wp-admin\/admin-ajax.php\" rel=\"nofollow\" data-mailto=\"\"><i class=\"fa-ssbs fa-ssbs-fw fa-ssbs-facebook\"><\/i><div class=\"counter-wrap standard\"><span class=\"counter\">0<\/span><\/div><\/a><a data-networks=\"[]\" class=\"social-sharing-button sharer-flat sharer-flat-4 counter-standard without-counter twitter\" target=\"_blank\" title=\"Twitter\" href=\"https:\/\/twitter.com\/share?url=https%3A%2F%2Fhotelborgia.com%2Fblog%2Fciclo-de-conferencias-del-ano-jubilar-de-san-francisco-de-borja%2F&text=Ciclo+de+conferencias+del+A%C3%B1o+Jubilar+de+San+Francisco+de+Borja\" data-main-href=\"https:\/\/twitter.com\/share?url={url}&text={title}\" data-nid=\"2\" data-name=\"\" data-pid=\"1\" data-post-id=\"1485\" data-url=\"https:\/\/hotelborgia.com\/blog\/wp-admin\/admin-ajax.php\" rel=\"nofollow\" data-mailto=\"\"><i class=\"fa-ssbs fa-ssbs-fw fa-ssbs-twitter\"><\/i><div class=\"counter-wrap standard\"><span class=\"counter\">0<\/span><\/div><\/a><a data-networks=\"[]\" class=\"social-sharing-button sharer-flat sharer-flat-4 counter-standard without-counter whatsapp\" target=\"_blank\" title=\"WhatsApp\" href=\"https:\/\/web.whatsapp.com\/send?text=https%3A%2F%2Fhotelborgia.com%2Fblog%2Fciclo-de-conferencias-del-ano-jubilar-de-san-francisco-de-borja%2F\" data-main-href=\"https:\/\/web.whatsapp.com\/send?text={url}\" data-nid=\"18\" data-name=\"\" data-pid=\"1\" data-post-id=\"1485\" data-url=\"https:\/\/hotelborgia.com\/blog\/wp-admin\/admin-ajax.php\" rel=\"nofollow\" data-mailto=\"\"><i class=\"fa-ssbs fa-ssbs-fw fa-ssbs-whatsapp\"><\/i><div class=\"counter-wrap standard\"><span class=\"counter\">0<\/span><\/div><\/a><\/div>","protected":false},"excerpt":{"rendered":"<p>Dentro de los eventos previstos en las celebraciones del A\u00f1o Jubilar de San Francisco de Borja se ha organizado una serie de conferencias sobre la figura del Santo por especialistas en la materia.<\/p>\n<div data-animation=\"no-animation\" data-icons-animation=\"no-animation\" data-overlay=\"\" data-change-size=\"\" data-button-size=\"0.7\" style=\"font-size:0.7em!important;display:none;\" class=\"supsystic-social-sharing supsystic-social-sharing-package-flat supsystic-social-sharing-hide-on-homepage supsystic-social-sharing-spacing supsystic-social-sharing-content supsystic-social-sharing-content-align-center\" data-text=\"\"><a data-networks=\"[]\" class=\"social-sharing-button sharer-flat sharer-flat-4 counter-standard without-counter facebook\" target=\"_blank\" title=\"Facebook\" href=\"http:\/\/www.facebook.com\/sharer.php?u=https%3A%2F%2Fhotelborgia.com%2Fblog%2Fciclo-de-conferencias-del-ano-jubilar-de-san-francisco-de-borja%2F\" data-main-href=\"http:\/\/www.facebook.com\/sharer.php?u={url}\" data-nid=\"1\" data-name=\"\" data-pid=\"1\" data-post-id=\"1485\" data-url=\"https:\/\/hotelborgia.com\/blog\/wp-admin\/admin-ajax.php\" rel=\"nofollow\" data-mailto=\"\"><i class=\"fa-ssbs fa-ssbs-fw fa-ssbs-facebook\"><\/i><div class=\"counter-wrap standard\"><span class=\"counter\">0<\/span><\/div><\/a><a data-networks=\"[]\" class=\"social-sharing-button sharer-flat sharer-flat-4 counter-standard without-counter twitter\" target=\"_blank\" title=\"Twitter\" href=\"https:\/\/twitter.com\/share?url=https%3A%2F%2Fhotelborgia.com%2Fblog%2Fciclo-de-conferencias-del-ano-jubilar-de-san-francisco-de-borja%2F&text=Ciclo+de+conferencias+del+A%C3%B1o+Jubilar+de+San+Francisco+de+Borja\" data-main-href=\"https:\/\/twitter.com\/share?url={url}&text={title}\" data-nid=\"2\" data-name=\"\" data-pid=\"1\" data-post-id=\"1485\" data-url=\"https:\/\/hotelborgia.com\/blog\/wp-admin\/admin-ajax.php\" rel=\"nofollow\" data-mailto=\"\"><i class=\"fa-ssbs fa-ssbs-fw fa-ssbs-twitter\"><\/i><div class=\"counter-wrap standard\"><span class=\"counter\">0<\/span><\/div><\/a><a data-networks=\"[]\" class=\"social-sharing-button sharer-flat sharer-flat-4 counter-standard without-counter whatsapp\" target=\"_blank\" title=\"WhatsApp\" href=\"https:\/\/web.whatsapp.com\/send?text=https%3A%2F%2Fhotelborgia.com%2Fblog%2Fciclo-de-conferencias-del-ano-jubilar-de-san-francisco-de-borja%2F\" data-main-href=\"https:\/\/web.whatsapp.com\/send?text={url}\" data-nid=\"18\" data-name=\"\" data-pid=\"1\" data-post-id=\"1485\" data-url=\"https:\/\/hotelborgia.com\/blog\/wp-admin\/admin-ajax.php\" rel=\"nofollow\" data-mailto=\"\"><i class=\"fa-ssbs fa-ssbs-fw fa-ssbs-whatsapp\"><\/i><div class=\"counter-wrap standard\"><span class=\"counter\">0<\/span><\/div><\/a><\/div>","protected":false},"author":1,"featured_media":0,"comment_status":"closed","ping_status":"closed","sticky":false,"template":"","format":"standard","meta":{"footnotes":""},"categories":[5,120,121,13],"tags":[],"class_list":["post-1485","post","type-post","status-publish","format-standard","hentry","category-cultura","category-eventos","category-ilustres","category-los-borgia","entry"],"_links":{"self":[{"href":"https:\/\/hotelborgia.com\/blog\/wp-json\/wp\/v2\/posts\/1485","targetHints":{"allow":["GET"]}}],"collection":[{"href":"https:\/\/hotelborgia.com\/blog\/wp-json\/wp\/v2\/posts"}],"about":[{"href":"https:\/\/hotelborgia.com\/blog\/wp-json\/wp\/v2\/types\/post"}],"author":[{"embeddable":true,"href":"https:\/\/hotelborgia.com\/blog\/wp-json\/wp\/v2\/users\/1"}],"replies":[{"embeddable":true,"href":"https:\/\/hotelborgia.com\/blog\/wp-json\/wp\/v2\/comments?post=1485"}],"version-history":[{"count":0,"href":"https:\/\/hotelborgia.com\/blog\/wp-json\/wp\/v2\/posts\/1485\/revisions"}],"wp:attachment":[{"href":"https:\/\/hotelborgia.com\/blog\/wp-json\/wp\/v2\/media?parent=1485"}],"wp:term":[{"taxonomy":"category","embeddable":true,"href":"https:\/\/hotelborgia.com\/blog\/wp-json\/wp\/v2\/categories?post=1485"},{"taxonomy":"post_tag","embeddable":true,"href":"https:\/\/hotelborgia.com\/blog\/wp-json\/wp\/v2\/tags?post=1485"}],"curies":[{"name":"wp","href":"https:\/\/api.w.org\/{rel}","templated":true}]}}