{"id":1967,"date":"2024-03-21T11:47:41","date_gmt":"2024-03-21T10:47:41","guid":{"rendered":"https:\/\/hotelborgia.com\/blog\/?p=1967"},"modified":"2024-03-21T12:54:02","modified_gmt":"2024-03-21T11:54:02","slug":"programacion-de-la-semana-santa-de-gandia-2024","status":"publish","type":"post","link":"https:\/\/hotelborgia.com\/blog\/programacion-de-la-semana-santa-de-gandia-2024\/","title":{"rendered":"Programaci\u00f3n de la Semana Santa de Gandia 2024"},"content":{"rendered":"\n<p>La Semana Santa de Gandia 2024 se presenta repleta de actos y procesiones para vivir con intensidad estos d\u00edas de Pasi\u00f3n. Desde el 10 de marzo y hasta el 8 de abril, las diferentes Hermandades de Semana Santa han preparado un amplio programa para todos los p\u00fablicos. A continuaci\u00f3n el programa.<\/p>\n\n\n\n<!--more-->\n\n\n<div id=\"ez-toc-container\" class=\"ez-toc-v2_0_82_2 counter-hierarchy ez-toc-counter ez-toc-custom ez-toc-container-direction\">\n<p class=\"ez-toc-title\" style=\"cursor:inherit\">Contenidos<\/p>\n<label for=\"ez-toc-cssicon-toggle-item-69f285219202a\" class=\"ez-toc-cssicon-toggle-label\"><span class=\"\"><span class=\"eztoc-hide\" style=\"display:none;\">Toggle<\/span><span class=\"ez-toc-icon-toggle-span\"><svg style=\"fill: #e41725;color:#e41725\" xmlns=\"http:\/\/www.w3.org\/2000\/svg\" class=\"list-377408\" width=\"20px\" height=\"20px\" viewBox=\"0 0 24 24\" fill=\"none\"><path d=\"M6 6H4v2h2V6zm14 0H8v2h12V6zM4 11h2v2H4v-2zm16 0H8v2h12v-2zM4 16h2v2H4v-2zm16 0H8v2h12v-2z\" fill=\"currentColor\"><\/path><\/svg><svg style=\"fill: #e41725;color:#e41725\" class=\"arrow-unsorted-368013\" xmlns=\"http:\/\/www.w3.org\/2000\/svg\" width=\"10px\" height=\"10px\" viewBox=\"0 0 24 24\" version=\"1.2\" baseProfile=\"tiny\"><path d=\"M18.2 9.3l-6.2-6.3-6.2 6.3c-.2.2-.3.4-.3.7s.1.5.3.7c.2.2.4.3.7.3h11c.3 0 .5-.1.7-.3.2-.2.3-.5.3-.7s-.1-.5-.3-.7zM5.8 14.7l6.2 6.3 6.2-6.3c.2-.2.3-.5.3-.7s-.1-.5-.3-.7c-.2-.2-.4-.3-.7-.3h-11c-.3 0-.5.1-.7.3-.2.2-.3.5-.3.7s.1.5.3.7z\"\/><\/svg><\/span><\/span><\/label><input type=\"checkbox\"  id=\"ez-toc-cssicon-toggle-item-69f285219202a\"  aria-label=\"Alternar\" \/><nav><ul class='ez-toc-list ez-toc-list-level-1 ' ><li class='ez-toc-page-1 ez-toc-heading-level-1'><a class=\"ez-toc-link ez-toc-heading-1\" href=\"https:\/\/hotelborgia.com\/blog\/programacion-de-la-semana-santa-de-gandia-2024\/#Programa\" >Programa<\/a><ul class='ez-toc-list-level-2' ><li class='ez-toc-heading-level-2'><a class=\"ez-toc-link ez-toc-heading-2\" href=\"https:\/\/hotelborgia.com\/blog\/programacion-de-la-semana-santa-de-gandia-2024\/#10_DE_MARZO\" >10 DE MARZO<\/a><\/li><li class='ez-toc-page-1 ez-toc-heading-level-2'><a class=\"ez-toc-link ez-toc-heading-3\" href=\"https:\/\/hotelborgia.com\/blog\/programacion-de-la-semana-santa-de-gandia-2024\/#22_DE_MARZO_VIERNES_DE_DOLORES\" >22 DE MARZO \/ VIERNES DE DOLORES<\/a><\/li><li class='ez-toc-page-1 ez-toc-heading-level-2'><a class=\"ez-toc-link ez-toc-heading-4\" href=\"https:\/\/hotelborgia.com\/blog\/programacion-de-la-semana-santa-de-gandia-2024\/#23_DE_MARZO_SABADO_DE_PASION\" >23 DE MARZO \/ S\u00c1BADO DE PASI\u00d3N<\/a><\/li><li class='ez-toc-page-1 ez-toc-heading-level-2'><a class=\"ez-toc-link ez-toc-heading-5\" href=\"https:\/\/hotelborgia.com\/blog\/programacion-de-la-semana-santa-de-gandia-2024\/#24_DE_MARZO_DOMINGO_DE_RAMOS\" >24 DE MARZO \/ DOMINGO DE RAMOS<\/a><\/li><li class='ez-toc-page-1 ez-toc-heading-level-2'><a class=\"ez-toc-link ez-toc-heading-6\" href=\"https:\/\/hotelborgia.com\/blog\/programacion-de-la-semana-santa-de-gandia-2024\/#25_DE_MARZO_LUNES_SANTO\" >25 DE MARZO \/ LUNES SANTO<\/a><\/li><li class='ez-toc-page-1 ez-toc-heading-level-2'><a class=\"ez-toc-link ez-toc-heading-7\" href=\"https:\/\/hotelborgia.com\/blog\/programacion-de-la-semana-santa-de-gandia-2024\/#26_DE_MARZO_MARTES_SANTO\" >26 DE MARZO \/ MARTES SANTO<\/a><\/li><li class='ez-toc-page-1 ez-toc-heading-level-2'><a class=\"ez-toc-link ez-toc-heading-8\" href=\"https:\/\/hotelborgia.com\/blog\/programacion-de-la-semana-santa-de-gandia-2024\/#27_DE_MARZO_MIERCOLES_SANTO\" >27 DE MARZO \/ MI\u00c9RCOLES SANTO<\/a><\/li><li class='ez-toc-page-1 ez-toc-heading-level-2'><a class=\"ez-toc-link ez-toc-heading-9\" href=\"https:\/\/hotelborgia.com\/blog\/programacion-de-la-semana-santa-de-gandia-2024\/#28_DE_MARZO_JUEVES_SANTO\" >28 DE MARZO \/ JUEVES SANTO<\/a><\/li><li class='ez-toc-page-1 ez-toc-heading-level-2'><a class=\"ez-toc-link ez-toc-heading-10\" href=\"https:\/\/hotelborgia.com\/blog\/programacion-de-la-semana-santa-de-gandia-2024\/#29_DE_MARZO_VIERNES_SANTO\" >29 DE MARZO \/ VIERNES SANTO<\/a><\/li><li class='ez-toc-page-1 ez-toc-heading-level-2'><a class=\"ez-toc-link ez-toc-heading-11\" href=\"https:\/\/hotelborgia.com\/blog\/programacion-de-la-semana-santa-de-gandia-2024\/#30_DE_MARZO_SABADO_SANTO\" >30 DE MARZO \/ S\u00c1BADO SANTO<\/a><\/li><li class='ez-toc-page-1 ez-toc-heading-level-2'><a class=\"ez-toc-link ez-toc-heading-12\" href=\"https:\/\/hotelborgia.com\/blog\/programacion-de-la-semana-santa-de-gandia-2024\/#31_DE_MARZO_DOMINGO_DE_RESURRECCION\" >31 DE MARZO \/ DOMINGO DE RESURRECCI\u00d3N<\/a><\/li><li class='ez-toc-page-1 ez-toc-heading-level-2'><a class=\"ez-toc-link ez-toc-heading-13\" href=\"https:\/\/hotelborgia.com\/blog\/programacion-de-la-semana-santa-de-gandia-2024\/#8_DE_ABRIL_LUNES_DE_SAN_VICENTE\" >8 DE ABRIL \/ LUNES DE SAN VICENTE<\/a><\/li><\/ul><\/li><\/ul><\/nav><\/div>\n\n\n\n\n<h1 class=\"wp-block-heading\"><span class=\"ez-toc-section\" id=\"Programa\"><\/span>Programa<span class=\"ez-toc-section-end\"><\/span><\/h1>\n\n\n\n<h2 class=\"wp-block-heading\"><span class=\"ez-toc-section\" id=\"10_DE_MARZO\"><\/span>10 DE MARZO<span class=\"ez-toc-section-end\"><\/span><\/h2>\n\n\n\n<h3 class=\"wp-block-heading\">JUNTA MAYOR DE HERMANDADES DE SEMANA SANTA<\/h3>\n\n\n\n<ul class=\"wp-block-list\">\n<li>A las 11.45 horas TAMBORRADA<\/li>\n\n\n\n<li>A las 12.30 horas PREG\u00d3N de la Semana Santa en la Iglesia de las Escuelas P\u00edas<\/li>\n<\/ul>\n\n\n\n<h2 class=\"wp-block-heading\"><span class=\"ez-toc-section\" id=\"22_DE_MARZO_VIERNES_DE_DOLORES\"><\/span>22 DE MARZO \/ VIERNES DE DOLORES<span class=\"ez-toc-section-end\"><\/span><\/h2>\n\n\n\n<h3 class=\"wp-block-heading\">HERMANDAD SAN PEDRO AP\u00d3STOL<\/h3>\n\n\n\n<ul class=\"wp-block-list\">\n<li>A las 21,15 horas, Procesi\u00f3n Penitencial de las &#8220;Tres Negaciones&#8221;, con la imagen de Nuestro Se\u00f1or del Perd\u00f3n, que partiendo de la Pl. Escoles Pies recorrer\u00e1 el siguiente itinerario: Duc Carles de Borja, Pl. Beat Andreu Hibern\u00f3n (1\u00aa Negaci\u00f3n), Sant Roc, Major, Joan Andr\u00e9s, Pl. Major, Confraria de l\u00b4Assumpci\u00f3, Pl. dels Ap\u00f2stols (segunda negaci\u00f3n), Abadia, Major, Pl. Escoles Pies. &#8220;TERCERA NEGACI\u00d3N&#8221; Encuentro entre San Pedro y Nuestro Se\u00f1or del Perd\u00f3n. Finalizando en la Iglesia de las Escuelas P\u00edas. Custodiar\u00e1n la imagen de Nuestro Se\u00f1or del Perd\u00f3n funcionarios de Instituciones Penitenciarias de Valencia.<\/li>\n<\/ul>\n\n\n\n<h3 class=\"wp-block-heading\">HERMANDAD NUESTRA SE\u00d1ORA DE LA PIEDAD<\/h3>\n\n\n\n<ul class=\"wp-block-list\">\n<li>A las 22,00 horas, Rezo de los Siete Dolores de la Sant\u00edsima Virgen de la Piedad, en la Parroquia de Cristo Rey.<\/li>\n\n\n\n<li>A las 23,00 horas, Procesi\u00f3n Penitencial. Salida desde la Parroquia de Cristo Rey, 9 d&#8217;Octubre, Abat Sol\u00e0, finalizando en el Local Museo de la Semana Santa.<\/li>\n<\/ul>\n\n\n\n<h3 class=\"wp-block-heading\">REAL E ILUSTRE HERMANDAD NUESTRA SE\u00d1ORA DE LOS DOLORES<\/h3>\n\n\n\n<ul class=\"wp-block-list\">\n<li>A las 23,00 horas, Procesi\u00f3n Penitencial de los Siete Dolores de Mar\u00eda, con el siguiente itinerario: Salida de la Insigne Colegiata (1\u00ba Dolor), Pl. Major, Ausi\u00e0s March, Jesu\u00eftes, Iglesia Palacio (2\u00ba Dolor), Carmelites, Colegio Carmelitas (3\u00ba Dolor), Pl. M\u00aa Enr\u00edquez, Iglesia de Santa Clara (4\u00ba Dolor), Sant Bernat, Alcal\u00e1 de Olmo, Sant Pascual, Guti\u00e9rrez Mas (Vicaris) (5\u00aa Dolor), Major (6\u00ba Dolor), Confraria de l&#8217;Assumpci\u00f3, Pl. Major, finalizando en la Insigne Colegiata (7\u00ba Dolor).<\/li>\n<\/ul>\n\n\n\n<h2 class=\"wp-block-heading\"><span class=\"ez-toc-section\" id=\"23_DE_MARZO_SABADO_DE_PASION\"><\/span>23 DE MARZO \/ S\u00c1BADO DE PASI\u00d3N<span class=\"ez-toc-section-end\"><\/span><\/h2>\n\n\n\n<h3 class=\"wp-block-heading\">HERMANDAD DE LA ENTRADA DE JES\u00daS EN JERUSAL\u00c9N<\/h3>\n\n\n\n<ul class=\"wp-block-list\">\n<li>A las 19,30h horas, en la plaza del Campanar, tendr\u00e1 lugar la bendici\u00f3n de Palmas y Ramos. A continuaci\u00f3n, dar\u00e1 inicio la Procesi\u00f3n Lit\u00fargica por el siguiente itinerario: Pla\u00e7a del Campanar, Esgl\u00e9sia, Ramat, Coss\u00ed, Portelles, Magdalena, Emperador Carles V, Pla\u00e7a Major de Beniopa, Mig, Aig\u00fcera, Esgl\u00e9sia, acabando en el templo Parroquial. A continuaci\u00f3n, se celebrar\u00e1 la Eucarist\u00eda que se ofrecer\u00e1 por los difuntos de la Hermandad, tras la que se realizar\u00e1 la imposici\u00f3n de insignias a los nuevos cofrades.<\/li>\n<\/ul>\n\n\n\n<h3 class=\"wp-block-heading\">HERMANDAD SAGRADA ORACI\u00d3N DE JES\u00daS EN EL HUERTO<\/h3>\n\n\n\n<ul class=\"wp-block-list\">\n<li>A las 20.45 horas, Traslado del Cristo de la Sagrada Oraci\u00f3n de Jes\u00fas en el Huerto, que saliendo desde la Insigne Colegiata, transcurrir\u00e1 por el siguiente itinerario: Pla\u00e7a dels Ap\u00f2stols, Confraria de l&#8217;Assumpci\u00f3, Major, La Creu, Purissina, Sant Francesc de Borja, Alzira, Sant Rafael finalizando en el nuevo local de la Semana Santa.<\/li>\n<\/ul>\n\n\n\n<h3 class=\"wp-block-heading\">JUNTA MAYOR DE HERMANDADES PROCESI\u00d3N DEL SANTO ROSARIO<\/h3>\n\n\n\n<ul class=\"wp-block-list\">\n<li>A las 22.00 horas, desde el Santuario Diocesano del Beato Andr\u00e9s Hibern\u00f3n, con la participaci\u00f3n de todas las Hermandades de Semana Santa y p\u00fablico en general, acompa\u00f1ando a la imagen de la Virgen de la Soledad. Se iniciar\u00e1 con el rezo de una Oraci\u00f3n, Misterios Dolorosos, Letan\u00edas a Nuestra Se\u00f1ora y Oraci\u00f3n final, con el siguiente itinerario: Duc Carles de Borja, St. Josep de Calassan\u00e7, Pl. Escoles Pies, Major, Passeig de les Germanies, Vallier, Pl. Sant Josep, para finalizar en la Parroquia de San Jos\u00e9.<\/li>\n<\/ul>\n\n\n\n<h3 class=\"wp-block-heading\">HERMANDAD DEL SANT\u00cdSIMO ECCE HOMO<\/h3>\n\n\n\n<ul class=\"wp-block-list\">\n<li>Al finalizar la Procesi\u00f3n del Santo Rosario, se representar\u00e1 el AUTO SACRAMENTAL DEL JUICIO DE JES\u00daS.<\/li>\n<\/ul>\n\n\n\n<h2 class=\"wp-block-heading\"><span class=\"ez-toc-section\" id=\"24_DE_MARZO_DOMINGO_DE_RAMOS\"><\/span>24 DE MARZO \/ DOMINGO DE RAMOS<span class=\"ez-toc-section-end\"><\/span><\/h2>\n\n\n\n<h3 class=\"wp-block-heading\">HERMANDAD SANTO SEPULCRO<\/h3>\n\n\n\n<ul class=\"wp-block-list\">\n<li>A las 8,30 horas, Bendici\u00f3n de Palmas y Ramos en el Santuario Diocesano del Beato Andr\u00e9s Hibern\u00f3n y posterior procesi\u00f3n con el siguiente itinerario: salida desde el Santuario Diocesano del Beato Andr\u00e9s Hibern\u00f3n, Pla\u00e7a del Beat Andreu Hibern\u00f3n, Duc Carles de Borja, Elionor de Castro, St. Francesc de Borja, Pur\u00edssima, Pl. Jaume I, La Creu, Major, Sant Roc, finalizando en el Santuario Diocesano del Beato Andr\u00e9s Hibern\u00f3n donde tendr\u00e1 lugar una Eucarist\u00eda y admisi\u00f3n de nuevos Hermanos.<\/li>\n<\/ul>\n\n\n\n<h3 class=\"wp-block-heading\">HERMANDAD SANTA CENA VIVIENTE<\/h3>\n\n\n\n<ul class=\"wp-block-list\">\n<li>A las 9,00 horas, Bendici\u00f3n de Palmas y Ramos, y procesi\u00f3n desde la explanada de Santa Ana hasta la parroquia con el mismo nombre donde tendr\u00e1 lugar la Eucarist\u00eda.<\/li>\n\n\n\n<li>A las 18.30 horas, y representado por los cofrades y vecinos de este barrio tendr\u00e1 lugar el V\u00cdA CRUCIS VIVIENTE que saliendo de la Pl. Santa Anna, recorrer\u00e1 la calle del mismo nombre y terminar\u00e1 en la monta\u00f1a de la Ermita de Santa Anna.<\/li>\n<\/ul>\n\n\n\n<h3 class=\"wp-block-heading\">JUNTA MAYOR DE HERMANDADES SOLEMNE PROCESI\u00d3N DE PALMAS Y RAMOS<\/h3>\n\n\n\n<ul class=\"wp-block-list\">\n<li>A las 11,00 horas, Bendici\u00f3n Solemne de Palmas y Ramos, en la Pl. Escoles Pies. A continuaci\u00f3n se iniciar\u00e1 la Gran Procesi\u00f3n de Palmas y Ramos, con la participaci\u00f3n del p\u00fablico en general y todas las hermandades acompa\u00f1ando a la imagen de la Entrada de Jes\u00fas en Jerusal\u00e9n, seguida de la Presidencia Eclesi\u00e1stica, Asamblea, Junta Mayor, Autoridades y Banda de M\u00fasica, recorriendo el siguiente itinerario: Pl. Escoles Pies, Sant Josep de Calassan\u00e7, Sant Francesc de Borja, Passeig de les Germanies, Rausell, Pla\u00e7a Prado, Mezquita Raval, Vallier, Passeig de les Germanies, Duc Alfons el Vell, Ausi\u00e0s March, Pla\u00e7a Major, finalizando en la Insigne Colegiata, donde se celebrar\u00e1 la Santa Misa.<\/li>\n<\/ul>\n\n\n\n<h3 class=\"wp-block-heading\">HERMANDAD DEL DESCENDIMIENTO<\/h3>\n\n\n\n<ul class=\"wp-block-list\">\n<li>A las 12,00 horas, Bendici\u00f3n de Palmas y Ramos en la Avda. de la Paz, saliendo en procesi\u00f3n con el siguiente itinerario: Avda. de la Paz, Joan XXIII, Rei, Verge, Pla\u00e7a del Garb\u00ed, finalizando en la misma Parroquia de San Nicol\u00e1s, en la que tendr\u00e1 lugar la Eucarist\u00eda de Domingo de Ramos.<\/li>\n<\/ul>\n\n\n\n<h3 class=\"wp-block-heading\">HERMANDAD SANT\u00cdSIMO CRISTO YACENTE EN LA CRUCIFIXI\u00d3N<\/h3>\n\n\n\n<ul class=\"wp-block-list\">\n<li>A las 20,30 horas, eucarist\u00eda y admisi\u00f3n de los nuevos cofrades.<\/li>\n\n\n\n<li>A las 21,30 horas, Traslado Procesional de la imagen, con el siguiente itinerario: Pl. Sant Josep, (1\u00aa Oraci\u00f3n) Vallier, Passeig de les Germanies, Major (2\u00aa Oraci\u00f3n), Alexandre VI, Duc Alfons el Vell, terminando en el Patio de Armas del Palau Ducal (3\u00aa Oraci\u00f3n).<\/li>\n<\/ul>\n\n\n\n<h2 class=\"wp-block-heading\"><span class=\"ez-toc-section\" id=\"25_DE_MARZO_LUNES_SANTO\"><\/span>25 DE MARZO \/ LUNES SANTO<span class=\"ez-toc-section-end\"><\/span><\/h2>\n\n\n\n<h3 class=\"wp-block-heading\">HERMANDAD SAGRADA ORACI\u00d3N DE JES\u00daS EN EL HUERTO<\/h3>\n\n\n\n<ul class=\"wp-block-list\">\n<li>A las 21,30 horas, procesi\u00f3n de este Paso, que saliendo desde la Pl. Major recorrer\u00e1 el siguiente itinerario: Ausi\u00e0s March, Duc Alfons el Vell, Passeig de les Germanies (lado n\u00fameros pares), Sant Francesc de Borja, Trapig, Torreta, Major, Confraria de l&#8217;Assumpci\u00f3, finalizando en la Pl. de los Ap\u00f3stoles (Colegiata).<\/li>\n<\/ul>\n\n\n\n<h3 class=\"wp-block-heading\">HERMANDAD CRISTO DE LA FLAGELACI\u00d3N<\/h3>\n\n\n\n<ul class=\"wp-block-list\">\n<li>A las 21,45 horas, Solemne Salida del Cristo desde la Colegiata con el que da inicio el V\u00eda Crucis Penitencial, que seguir\u00e1 el siguiente itinerario: Joan Andr\u00e9s, Major, Passeig de les Germanies (lado n\u00fameros pares), Sant Francesc de Borja, Elionor de Casto, Arquebisbe Polou, Major, Confraria de l&#8217;Assumpci\u00f3, finalizando en la Pl. dels Ap\u00f2stols (Colegiata).<\/li>\n<\/ul>\n\n\n\n<h3 class=\"wp-block-heading\">HERMANDAD SANTA FAZ<\/h3>\n\n\n\n<ul class=\"wp-block-list\">\n<li>A las 22,00 horas, V\u00eda Crucis Penitencial con la imagen del Cristo, que partiendo de la Parroquia de San Jos\u00e9, recorrer\u00e1 el siguiente itinerario: Pl. Sant Josep, Vallier, Passeig de les Germanies (lado n\u00fameros impares), Duc Alfons el Vell, Ausi\u00e0s March, Pl. Major, Sant Pasqual, Gutierrez Mas (Vicaris), Major, Passeig de les Germanies, Vallier, finalizando en la Parroquia de San Jos\u00e9.<\/li>\n<\/ul>\n\n\n\n<h3 class=\"wp-block-heading\">HERMANDAD SANT\u00cdSIMO CRISTO DE LAS ANGUSTIAS<\/h3>\n\n\n\n<ul class=\"wp-block-list\">\n<li>A las 21,30 horas, Solemne Bajada del Cristo en la Parroquia de la Sagrada Familia.<\/li>\n\n\n\n<li>A las 22,00 horas, Procesi\u00f3n Penitencial, que partiendo de la Parroquia de la Sagrada Familia, recorrer\u00e1 el siguiente itinerario: Tirso de Molina, Poeta Llorente, Juan Ram\u00f3n Jim\u00e9nez, Joan Martorell, Jaume II, Avda. de la Mar, Pla\u00e7a Ex\u00e8rcit Espanyol, Magistrat Catal\u00e0, Calder\u00f3n de la Barca y finalizando en Poeta Llorente.<\/li>\n<\/ul>\n\n\n\n<h2 class=\"wp-block-heading\"><span class=\"ez-toc-section\" id=\"26_DE_MARZO_MARTES_SANTO\"><\/span>26 DE MARZO \/ MARTES SANTO<span class=\"ez-toc-section-end\"><\/span><\/h2>\n\n\n\n<h3 class=\"wp-block-heading\">HERMANDAD DE LA ENTRADA DE JES\u00daS EN JERUSAL\u00c9N<\/h3>\n\n\n\n<ul class=\"wp-block-list\">\n<li>A las 19,30 horas, Acto de bendici\u00f3n y rezo del Via Crucis en el calvario de Beniopa, dando comienzo en la Parroquia de Maria Magdalena , finalizando donde antiguamente estaba emplazada la ermita de los Dolores.<\/li>\n<\/ul>\n\n\n\n<h3 class=\"wp-block-heading\">HERMANDAD SAN PEDRO AP\u00d3STOL<\/h3>\n\n\n\n<ul class=\"wp-block-list\">\n<li>A las 21,30 horas, procesi\u00f3n de este Paso, que saliendo del interior de la Iglesia de las Escuelas Pias recorrer\u00e1 las calles Pl. Escoles Pies, Major, Passeig de les Germanies (lado n\u00fameros impares), Sant Francesc de Borja, Sant Josep de Calassan\u00e7, finalizando en la Iglesia de las Escuelas Pias, donde al llegar la imagen de San Pedro Ap\u00f3stol, la Agrupaci\u00f3n Santo Sepulcro Raval de Gandia interpretar\u00e1 \u00abSoleares de Triana\u00bb del Maestro \u00c1ngel Manuel Cebrero y Jes\u00fas G\u00f3mez. Finalizando la procesi\u00f3n con el Himno de San Pedro Ap\u00f3stol, de los Maestros Villar. Interpretada por la A. M. Santa Cecilia de Bellreguard.<\/li>\n<\/ul>\n\n\n\n<h3 class=\"wp-block-heading\">HERMANDAD CRISTO DE LA FLAGELACI\u00d3N<\/h3>\n\n\n\n<ul class=\"wp-block-list\">\n<li>A las 22,00 horas, Procesi\u00f3n de este Paso que saliendo de la Pl. Escoles Pies recorrer\u00e1 el siguiente itinerario: Major, Passeig de les Germanies (lado n\u00fameros impares), Sant Francesc de Borja, Sant Josep de Calassan\u00e7, finalizando en la Pl. Escoles Pies.<\/li>\n<\/ul>\n\n\n\n<h3 class=\"wp-block-heading\">HERMANDAD SANTA FAZ<\/h3>\n\n\n\n<ul class=\"wp-block-list\">\n<li>A las 22,00 horas, procesi\u00f3n de este Paso saliendo de Pl. del Beat Andreu Hibern\u00f3n, Duc Carles de Borja, Escoles Pies, Major, Passeig de les Germanies (lado n\u00fameros impares), Sant Francesc de Borja, Sant Josep de Calassan\u00e7, finalizando en la Pl. Escoles Pies con la tradicional &#8220;Flore\u00e1&#8221;.<\/li>\n<\/ul>\n\n\n\n<h3 class=\"wp-block-heading\">HERMANDAD DEL SANT\u00cdSIMO ECCE HOMO<\/h3>\n\n\n\n<ul class=\"wp-block-list\">\n<li>A las 21,55 horas, imposici\u00f3n del cetro, mediante la ca\u00f1a, manto y corona de espinas a la imagen peque\u00f1a del Ecce Homo. A continuaci\u00f3n, con la imagen de l&#8217;Ecciamet en la puerta de la Iglesia, tendr\u00e1 lugar el acto en que Pilato entrega a Jes\u00fas como Ecce Homo.<\/li>\n\n\n\n<li>A las 22,15 horas, V\u00eda Crucis Penitencial, con el Ecciamet que saldr\u00e1 de la Parroquia de San Jos\u00e9 por el siguiente itinerario: Pl. Sant Jos\u00e9, Forn, Passeig de les Germanies (lado n\u00fameros impares), Canonge Noguera, De Baix, Pl. del Mol\u00ed, Muetzi, Moreria, Algepseria, Almiser\u00e0, Sant Salvador, Pl. Sant Josep finalizando en la misma Parroquia de San Jos\u00e9.<\/li>\n<\/ul>\n\n\n\n<h3 class=\"wp-block-heading\">HERMANDAD SANT\u00cdSIMO CRISTO DE LA BUENA MUERTE<\/h3>\n\n\n\n<ul class=\"wp-block-list\">\n<li>A las 22,30 horas, Solemne Bajada del Cristo y V\u00eda Crucis Penitencial de traslado. El acto comenzar\u00e1 en el interior del templo y saldr\u00e1 de la Parroquia de Cristo Rey, por el siguiente itinerario: Av. Rep\u00fablica Argentina, Pintor Sorolla. &#8220;CUARTA ESTACI\u00d3N&#8221; cruce Pintor Sorolla y Abat Sol\u00e0, tendr\u00e1 lugar el encuentro de &#8220;Ntra. Sra. del Consuelo y San Juan en el Calvario&#8221; con el Cristo, Primer de Maig, Montd\u00faver, Plus Ultra, Abat Sol\u00e0, finalizando en el Museo de la Semana Santa.<\/li>\n<\/ul>\n\n\n\n<h2 class=\"wp-block-heading\"><span class=\"ez-toc-section\" id=\"27_DE_MARZO_MIERCOLES_SANTO\"><\/span>27 DE MARZO \/ MI\u00c9RCOLES SANTO<span class=\"ez-toc-section-end\"><\/span><\/h2>\n\n\n\n<h3 class=\"wp-block-heading\">HERMANDAD NUESTRO PADRE JES\u00daS NAZARENO<\/h3>\n\n\n\n<ul class=\"wp-block-list\">\n<li>A las 21,00 horas, Procesi\u00f3n de las Tres Ca\u00eddas. Salida desde el Santuario Diocesano del Beato Andr\u00e9s Hibern\u00f3n, con el itinerario siguiente: Duc Carles de Borja, Torreta, Major (Encuentro con Mar\u00eda Madre) Guti\u00e9rrez Mas, Sant Pasqual y Pla\u00e7a Major, finalizando frente al Ayuntamiento.<\/li>\n<\/ul>\n\n\n\n<h3 class=\"wp-block-heading\">HERMANDAD SANTA CENA VIVIENTE<\/h3>\n\n\n\n<ul class=\"wp-block-list\">\n<li>A las 21,00 horas, V\u00eda Crucis con el paso del Cristo del Amor, desde la Parroquia de Santa Ana, discurriendo por el Calvario, hasta la Ermina del mismo nombre.<\/li>\n<\/ul>\n\n\n\n<h3 class=\"wp-block-heading\">HERMANDAD DEL DESCENDIMIENTO<\/h3>\n\n\n\n<ul class=\"wp-block-list\">\n<li>A las 21,00 horas, V\u00eda Crucis Penitencial, con la imagen del Crist de la Nit, saliendo de la Parroquia de San Nicol\u00e1s por el siguiente itinerario: Pl. Garb\u00ed, Avda. de la Pau, Joan XXIII, Rei, Verge, Pl. Garb\u00ed, Pont, Pl. Mediterr\u00e0nia, General Churruca, Trevijano, Reina, Princep, Ermita, Pl. Mediterr\u00e0nia, Pont, Pl. Garb\u00ed, finalizando en la Parroquia de San Nicol\u00e1s.<\/li>\n<\/ul>\n\n\n\n<h3 class=\"wp-block-heading\">HERMANDAD SANT\u00cdSIMO ECCE HOMO<\/h3>\n\n\n\n<ul class=\"wp-block-list\">\n<li>A las 22,00 horas, Procesi\u00f3n del Paso saliendo de la Parroquia San Jos\u00e9 por el siguiente itinerario: Pl. Sant Josep, Vallier, Passeig de les Germanies (lado n\u00fameros pares), Sant Francesc de Borja, Sant Josep de Calassan\u00e7, Pl. Escoles Pies, Major, Vallier, finalizando en Pl. Sant Josep.<\/li>\n<\/ul>\n\n\n\n<h3 class=\"wp-block-heading\">ASOCIACI\u00d3N DE LA SANT\u00cdSIMA CRUZ &#8211; PASO MAR\u00cdA MAGDALENA JUNTO A LA CRUZ DE JES\u00daS<\/h3>\n\n\n\n<ul class=\"wp-block-list\">\n<li>A las 22,00 horas, Procesi\u00f3n de &#8220;Mar\u00eda Magdalena junto a la Cruz de Jes\u00fas&#8221;. Saliendo desde la Pl. Escoles Pies, recorrer\u00e1 el siguiente itinerario: Major, Joan Andr\u00e9s, Pl. Major, Ausi\u00e0s March, Alfons el Vell, Passeig de les Germanies (lado n\u00fameros pares), S. Francesc de Borja, Sant Josep de Calassan\u00e7, finalizando en la Pl. Escoles Pies. Al finalizar la procesi\u00f3n la Banda de M\u00fasica de Benirredr\u00e1, dirigida por D. Josep Alemany Ortol\u00e1, interpretar\u00e1 la marcha &#8220;Mar\u00eda Magdalena&#8221; de Jos\u00e9 Vercher.<\/li>\n<\/ul>\n\n\n\n<h3 class=\"wp-block-heading\">HERMANDAD SANTO SEPULCRO &#8211; PASO VIRGEN DE LA ESPERANZA EN LA RESURRECCI\u00d3N<\/h3>\n\n\n\n<ul class=\"wp-block-list\">\n<li>A las 22,00 horas, se iniciar\u00e1 desde el Santuario Diocesano del Beato Andr\u00e9s Hibern\u00f3n, recorrer\u00e1 el siguiente itinerario: Pl. Beat Andreu Hibern\u00f3n, Duc Carles de Borja, St. Josep de Calassan\u00e7, Pl. Escoles Pies, Major, Passeig de les Germanies (lado n\u00fameros impares). &#8220;ENCUENTRO&#8221; con Nuestro Padre Jes\u00fas Nazareno en la confluencia del Passeig de les Germanies con el Carrer Rausell, Sant Francesc de Borja, Elionor de Castro, Duc Carles de Borja, finalizando en el Santuario Diocesano del Beato Andr\u00e9s Hibern\u00f3n.<\/li>\n<\/ul>\n\n\n\n<h3 class=\"wp-block-heading\">HERMANDAD SANT\u00cdSIMO CRISTO DEL SILENCIO<\/h3>\n\n\n\n<ul class=\"wp-block-list\">\n<li>A las 23,00 horas, Promesa de Silencio y a continuaci\u00f3n Procesi\u00f3n del Cristo y la Virgen del Silencio, saliendo de la Iglesia de Santa Clara por el siguiente itinerario: Pl. Mar\u00eda Enr\u00edquez, Carmelites, Pl. de la Vila, Pl. Major, donde tendr\u00e1 lugar el &#8220;ENCUENTRO&#8221; de las im\u00e1genes del Cristo y de la Virgen del Silencio procedi\u00e9ndose al rezo de una oraci\u00f3n, continuando por Confraria de l&#8217;Assumpci\u00f3, Major, Loreto, Pare Gomar, Carmelitas, finalizando en la Iglesia de Santa Clara.<\/li>\n<\/ul>\n\n\n\n<h2 class=\"wp-block-heading\"><span class=\"ez-toc-section\" id=\"28_DE_MARZO_JUEVES_SANTO\"><\/span>28 DE MARZO \/ JUEVES SANTO<span class=\"ez-toc-section-end\"><\/span><\/h2>\n\n\n\n<h3 class=\"wp-block-heading\">HERMANDAD SANTA CENA VIVIENTE<\/h3>\n\n\n\n<ul class=\"wp-block-list\">\n<li>A las 21,00 horas, Procesi\u00f3n del Amor Fraterno, que partiendo desde la Insigne Colegiata, recorrer\u00e1 las calles Pl. Major, Ausi\u00e0s March, Duc Alfons el Vell. &#8220;ORACI\u00d3N DEL AMOR FRATERNO \u00aben la puerta del Palacio Ducal, oraci\u00f3n del Amor Fraterno dirigida a la Virgen de la Soledad. Contin\u00faa su itinerario por Passeig de les Germanies (lado n\u00fameros impares) Sant Francesc de Borja, Sant Josep de Calassan\u00e7, finalizando en Pl. Escoles Pies.<\/li>\n<\/ul>\n\n\n\n<h3 class=\"wp-block-heading\">HERMANDAD NUESTRA SE\u00d1ORA DE LA PIEDAD<\/h3>\n\n\n\n<ul class=\"wp-block-list\">\n<li>A las 21,15 horas, procesi\u00f3n de este Paso, que saliendo de la Pl. Escuelas P\u00edas, realizar\u00e1 el siguiente itinerario: Major, Passeig de les Germanies (lado n\u00fameros pares), Sant Francesc de Borja, 9 d&#8217;Octubre, finalizando en la Parroquia de Cristo Rey.<\/li>\n<\/ul>\n\n\n\n<h3 class=\"wp-block-heading\">HERMANDAD DEL DESCENDIMIENTO<\/h3>\n\n\n\n<ul class=\"wp-block-list\">\n<li>A las 21,30 horas, procesi\u00f3n de traslado de este Paso por las calles del Grau, saliendo de la Parroquia de San Nicol\u00e1s, con el siguiente itinerario: Pl. Garb\u00ed, Avda. de la Pau, Gavina, Ponent, Cullera, Rei, Verge, Pl. Garb\u00ed, Pont, Pl. Mediterr\u00e0nia, General Churruca, Trevijano, Reina, Pl. d&#8217;Orient, Llevant, Ermita, Pl. Mediterr\u00e0nia, Pont, finalizando en la Parroquia de San Nicol\u00e1s.<\/li>\n<\/ul>\n\n\n\n<h3 class=\"wp-block-heading\">HERMANDAD SANT\u00cdSIMO CRISTO DE LAS ANGUSTIAS<\/h3>\n\n\n\n<ul class=\"wp-block-list\">\n<li>A las 21.45 horas, procesi\u00f3n que saliendo de la Parroquia de la Sagrada Familia, recorrer\u00e1 el siguiente itinerario: Tirso de Molina, Poeta Llorente, Luis Vives, Magistrat Catal\u00e0, Alcal\u00e0 del Olmo, Sant Pasqual, finalizando en la Pl. Major.<\/li>\n<\/ul>\n\n\n\n<h3 class=\"wp-block-heading\">REAL E ILUSTRE HERMANDAD NUESTRA SE\u00d1ORA DE LOS DOLORES<\/h3>\n\n\n\n<ul class=\"wp-block-list\">\n<li>A las 22,00 horas, procesi\u00f3n que saliendo de la Insigne Colegiata seguir\u00e1 el siguiente itinerario: Pl. Major, Juan Andr\u00e9s, Major, Passeig de les Germanies (lado impares), Sant Francesc de Borja, Sant Josep de Calassan\u00e7, Pl. Escoles Pies, Major, Alexandre VI, Ausi\u00e0s March, Pl. Major.<\/li>\n<\/ul>\n\n\n\n<ul class=\"wp-block-list\">\n<li>Alrededor de las 23,30 horas en la Plaza Major &#8220;LAS \u00daLTIMAS MIRADAS&#8221; entre el Cristo Yacente y Ntra. Sra. de los Dolores.<\/li>\n<\/ul>\n\n\n\n<h3 class=\"wp-block-heading\">HERMANDAD SANT\u00cdSIMO CRISTO YACENTE EN LA CRUCIFIXI\u00d3N<\/h3>\n\n\n\n<ul class=\"wp-block-list\">\n<li>A las 21,50 horas imposici\u00f3n de medallas a la legi\u00f3n en la puerta del Palacio Ducal.<\/li>\n\n\n\n<li>A las 22,00 horas, los cofrades de la Hermandad del Sant\u00edsimo Cristo Yacente en la Crucifixi\u00f3n rendir\u00e1n honores a la Virgen de la Soledad en el patio de Armas del Palacio del Santo Duque, donde se rezar\u00e1 una oraci\u00f3n ante las im\u00e1genes.<\/li>\n\n\n\n<li>A las 22,20 horas, procesi\u00f3n de traslado que saldr\u00e1 del Palacio Santo Duque por el siguiente itinerario: Duc Alfons el Vell, Ausi\u00e0s March, Pl. Major, Joan Andr\u00e9s, Major, Passeig de les Germanies (lado n\u00fameros pares), Sant Francesc de Borja, Trapig, Torreta, Major, Confraria de l&#8217;Assumpci\u00f3, finalizando en Pl. Major.<\/li>\n<\/ul>\n\n\n\n<h3 class=\"wp-block-heading\">HERMANDAD SANT\u00cdSIMO CRISTO DE LA BUENA MUERTE<\/h3>\n\n\n\n<ul class=\"wp-block-list\">\n<li>A las 22,45 horas, saldr\u00e1 de la Parroquia de Cristo Rey la procesi\u00f3n, con el Cristo y el Grupo escult\u00f3rico del Consuelo, por el siguiente itinerario: 9 d&#8217;Octubre, Abat Sol\u00e0, Passeig de les Germanies (lado n\u00fameros impares), Pl. Crist Rei, Passeig de les Germanies (lado n\u00fameros impares), Sant Francesc de Borja finalizando en la Plaza de las Escuelas P\u00edas. Al finalizar la procesi\u00f3n, la Banda de M\u00fasica del Real de Gandia junto con la Coral del Real de Gandia, interpretar\u00e1n La Muerte no es el Final.<\/li>\n<\/ul>\n\n\n\n<h3 class=\"wp-block-heading\">HERMANDAD SANT\u00cdSIMO ECCE HOMO<\/h3>\n\n\n\n<ul class=\"wp-block-list\">\n<li>A las 23,15 horas, procesi\u00f3n de la Virgen de la Precios\u00edsima Sangre de Nuestro Se\u00f1or Jesucristo en su Pasi\u00f3n, Salida de la Parroquia San Jos\u00e9 con el siguiente itinerario: Pl. Sant Josep, Vallier, Passeig de les Germanies (lado n\u00fameros pares), Sant Francesc de Borja, Sant Josep de Calassan\u00e7, Pla\u00e7a Escoles P\u00edes, Major, Passeig de les Germanies, Vallier, finalizando en Pl. Sant Josep.<\/li>\n\n\n\n<li>A las 23,30 horas en la confluencia de Passeig de les Germanies con Carrer Sant Francesc de Borja se realizar\u00e1 una breve reflexi\u00f3n conjunta por parte de persona destacada en valores, en presencia del Cristo de la Buena Muerte y la Virgen de la Precioc\u00edsima Sangre.<\/li>\n<\/ul>\n\n\n\n<h3 class=\"wp-block-heading\">HERMANDAD NUESTRO PADRE JES\u00daS NAZARENO<\/h3>\n\n\n\n<ul class=\"wp-block-list\">\n<li>A las 23,30 horas, procesi\u00f3n de este Paso, saliendo desde el Santuario Diocesano del Beato Andr\u00e9s Hibern\u00f3n con el siguiente itinerario: Duc Carles de Borja, Torreta, Major, Passeig de les Germanies (lado n\u00fameros impares), Sant Francesc de Borja, Trapig, Duc Carles de Borja, finalizando en el Santuario Diocesano del Beato Andr\u00e9s Hibern\u00f3n.<\/li>\n<\/ul>\n\n\n\n<h3 class=\"wp-block-heading\">HERMANDAD SANTO SEPULCRO<\/h3>\n\n\n\n<ul class=\"wp-block-list\">\n<li>A las 00,30 horas, Procesi\u00f3n Penitencial. Se iniciar\u00e1 desde el Santuario Diocesano del Beato Andr\u00e9s Hibern\u00f3n, la procesi\u00f3n que recorrer\u00e1 el siguiente itinerario: Pl. Beat Andreu Hibernon, Duc Carles de Borja, Arquebisbe Polou, Major, Loreto, San Pascual, Pla\u00e7a Major, Pla\u00e7a del Ap\u00f2stols, Confraria de l&#8217;Assumpci\u00f3, Major, Sant Roc, Pl. Beat Andreu Hibernon.<\/li>\n<\/ul>\n\n\n\n<h2 class=\"wp-block-heading\"><span class=\"ez-toc-section\" id=\"29_DE_MARZO_VIERNES_SANTO\"><\/span>29 DE MARZO \/ VIERNES SANTO<span class=\"ez-toc-section-end\"><\/span><\/h2>\n\n\n\n<h3 class=\"wp-block-heading\">HERMANDAD CRISTO DE LA FLAGELACI\u00d3N<\/h3>\n\n\n\n<ul class=\"wp-block-list\">\n<li>A las 7,00 horas, Traslado de las Cruces Penitenciales, que saliendo de la Pl. dels Ap\u00f2stols, pasar\u00e1 por las calles: Confraria de l&#8217;Assumpci\u00f3, Major, Salelles, Ausi\u00e0s March, Pla\u00e7a Major, Loreto, Major, Pla\u00e7a Escoles Pies, Sant Josep de Calassan\u00e7, Sant Francesc de Borja, finalizando en el interior del patio del Colegio Escuelas P\u00edas.<\/li>\n<\/ul>\n\n\n\n<h3 class=\"wp-block-heading\">JUNTA MAYOR DE HERMANDADES &#8211; SOLEMNE V\u00cdA CRUCIS PENITENCIAL<\/h3>\n\n\n\n<ul class=\"wp-block-list\">\n<li>A las 8,00 horas, saldr\u00e1 desde el Santuario Diocesano del Beato Andr\u00e9s Hibern\u00f3n el V\u00eda Crucis Penitencial. Acompa\u00f1ando a Nuestro Padre Jes\u00fas Nazareno las siguientes Hermandades: Entrada de Jes\u00fas en Jerusal\u00e9n, Santa Cena Viviente, Sagrada Oraci\u00f3n de Jes\u00fas en el Huerto, San Pedro Ap\u00f3stol, Cristo del Silencio, Cristo de la Flagelaci\u00f3n, Cristo de la Angustias, Santo Sepulcro, Sant\u00edsima Cruz y Jes\u00fas Nazareno. Recorrer\u00e1 Pl. Beat Andreu Hibern\u00f3n, Duc Carles de Borja, Torreta, Major, Joan Andr\u00e9s, Pl. Major.<\/li>\n<\/ul>\n\n\n\n<ul class=\"wp-block-list\">\n<li>A la misma hora saldr\u00e1 desde la Iglesia del Palacio la Imagen de Nuestra Se\u00f1ora de los Dolores acompa\u00f1ada de las siguientes Hermandades: Ecce-Homo, Santa Faz, Cristo Yacente en la Crucifixi\u00f3n, Cristo de la Buena Muerte, Descendimiento, Ntra. Sra. de la Piedad, Virgen de la Soledad y Nuestra Se\u00f1ora de los Dolores con el siguiente recorrido: Jesu\u00eftes, Carmelites, Pl. Mar\u00eda Enr\u00edquez, Sant Bernat, Alcal\u00e1 de Olmo, Sant Pasqual, Pl. Major.<\/li>\n<\/ul>\n\n\n\n<ul class=\"wp-block-list\">\n<li><strong>CUARTA ESTACI\u00d3N<\/strong>: Llegadas de ambas formaciones a la Pl. Major donde tendr\u00e1 lugar el ENCUENTRO, pronunciando la tradicional alocuci\u00f3n a cargo del Rvdo. D. Pablo Andreu Gallego. A continuaci\u00f3n, ambas formaciones seguir\u00e1n por la Pl. Major, Ausi\u00e0s March, Duc Alfons el Vell, Passeig de les Germanies (lado n\u00fameros pares), Sant Francesc de Borja, Sant Josep de Calassan\u00e7, finalizando en la Pl. Escoles Pies.<\/li>\n<\/ul>\n\n\n\n<h3 class=\"wp-block-heading\">HERMANDAD DEL SANT\u00cdSIMO ECCE HOMO<\/h3>\n\n\n\n<ul class=\"wp-block-list\">\n<li>A las 12,30 horas, Traslado infantil del &#8220;Ecciamet&#8221;, que saliendo de la Parroquia de San Jos\u00e9, pasar\u00e1 por las calles: Mesquita del Raval, Pl. Prado, Rausell, Sant Francesc de Borja, Sant Josep de Calassan\u00e7, finalizando en la Pl. Escoles Pies.<\/li>\n<\/ul>\n\n\n\n<h3 class=\"wp-block-heading\">JUNTA MAYOR DE HERMANDADES &#8211; XL DESFILE DE BANDAS<\/h3>\n\n\n\n<ul class=\"wp-block-list\">\n<li>Se iniciar\u00e1 a las 17,30 horas partiendo de la calle St. Francesc de Borja y recorrer\u00e1 el itinerario de la procesi\u00f3n.<\/li>\n<\/ul>\n\n\n\n<h3 class=\"wp-block-heading\">HERMANDAD SANTO SEPULCRO<\/h3>\n\n\n\n<ul class=\"wp-block-list\">\n<li>A las 17.00, Custodia ante el Santo Sepulcro y a las 20.00 horas meditaci\u00f3n.<\/li>\n<\/ul>\n\n\n\n<h3 class=\"wp-block-heading\">JUNTA MAYOR DE HERMANDADES &#8211; SOLEMNE PROCESI\u00d3N GENERAL DEL VIERNES SANTO<\/h3>\n\n\n\n<ul class=\"wp-block-list\">\n<li>A las 19,00 horas, saldr\u00e1 desde la calle St. Francesc de Borja con la siguiente formaci\u00f3n de Hermandades: Entrada de Jes\u00fas en Jerusal\u00e9n, Santa Cena Viviente, Sagrada Oraci\u00f3n de Jes\u00fas en el Huerto, San Pedro Ap\u00f3stol (im\u00e1genes de S. Pedro y Ntr.\u00ba. Sr. del Perd\u00f3n), Stmo. Cristo del Silencio (im\u00e1genes Cristo y Virgen del Silencio), Cristo de la Flagelaci\u00f3n, Stmo. Ecce Homo (Ecce Homo, Virgen de la Precios\u00edsima Sangre de Nuestro Se\u00f1or Jesucristo en su Pasi\u00f3n, e imagen del &#8220;Ecce-Homet&#8221;), Ntro Padre Jes\u00fas Nazareno (im\u00e1genes del Nazareno y Mar\u00eda Madre), Santa Faz, Stmo. Cristo Yacente en la Crucifixi\u00f3n, Cristo de las Angustias, Stmo. Cristo de la Buena Muerte (Cristo y Ntra. Sra. del Consuelo con S. Juan en el Calvario), Ntra. Sra. de los Dolores, Descendimiento (Imagen Descendimiento y Cristo de la Noche), Ntra. Sra. de la Piedad, Santo Sepulcro (Sepulcro y Virgen de la Esperanza), Sant\u00edsima Cruz (Cruz y Mar\u00eda Magdalena junto a la Cruz de Jes\u00fas) y Virgen de la Soledad. Tras esta formaci\u00f3n seguir\u00e1 la Presidencia Eclesi\u00e1stica, Directiva de la Junta Mayor de Hermandades, Madrina de la Semana Santa, invitados oficiales, Excma. Corporaci\u00f3n Municipal y Banda de M\u00fasica. Recorrer\u00e1 el siguiente itinerario: Pl. Escoles Pies, Sant Josep de Calassan\u00e7, Sant Francesc de Borja, Passeig de les Germanies, Rausell, Pla\u00e7a Prado, Mezquita Raval, Vallier, Passeig de les Germanies, Duc Alfons el Vell, Ausi\u00e0s March, finalizando en la Insigne Colegiata (Pla\u00e7a Major).<\/li>\n<\/ul>\n\n\n\n<h2 class=\"wp-block-heading\"><span class=\"ez-toc-section\" id=\"30_DE_MARZO_SABADO_SANTO\"><\/span>30 DE MARZO \/ S\u00c1BADO SANTO<span class=\"ez-toc-section-end\"><\/span><\/h2>\n\n\n\n<h3 class=\"wp-block-heading\">REPRESENTACI\u00d3N VISITATIO SEPULCHRI<\/h3>\n\n\n\n<ul class=\"wp-block-list\">\n<li>A las 12,30 horas, Visitatio Sepulchri de Gandia. Obra atribuida a San Francisco de Borja. Reconstrucci\u00f3n de Jos\u00e9 M. Vives \/ Orfe\u00f3 Borja. Dir: Jes\u00fas Cantos. En la Insigne Colegiata de Santa Mar\u00eda. Entrada libre.<\/li>\n<\/ul>\n\n\n\n<h3 class=\"wp-block-heading\">HERMANDAD VIRGEN DE LA SOLEDAD<\/h3>\n\n\n\n<ul class=\"wp-block-list\">\n<li>A las 21,15 horas, Procesi\u00f3n del Silencio del Paso Virgen de la Soledad, invitando a procesionar a todas las hermandades, que partiendo desde el Palacio del Santo Duque recorrer\u00e1 el siguiente itinerario: Duc Alfons el Vell, Ausi\u00e0s March, Pl. Major, Confraria de l&#8217;Assumpci\u00f3, Major, Pl. Escoles Pies, St. Josep de Calassan\u00e7, St. Francesc de Borja, Passeig de les Germanies (lado n\u00fameros impares), Duc Alfons el Vell, finalizando en el Palacio Ducal, donde tendr\u00e1 lugar una oraci\u00f3n.<\/li>\n<\/ul>\n\n\n\n<h2 class=\"wp-block-heading\"><span class=\"ez-toc-section\" id=\"31_DE_MARZO_DOMINGO_DE_RESURRECCION\"><\/span>31 DE MARZO \/ DOMINGO DE RESURRECCI\u00d3N<span class=\"ez-toc-section-end\"><\/span><\/h2>\n\n\n\n<h3 class=\"wp-block-heading\">JUNTA MAYOR DE HERMANDADES &#8211; GLORIOSO ENCUENTRO<\/h3>\n\n\n\n<ul class=\"wp-block-list\">\n<li>A las 10,15 horas, saldr\u00e1 desde el Palacio Ducal la procesi\u00f3n, en la que formar\u00e1n las Hermandades que acompa\u00f1an a la imagen de la Virgen de la Soledad, Stmo. Cristo del Silencio, Ecce Homo, Ntro. Padre Jes\u00fas Nazareno, Stmo. Cristo de la Buena Muerte, Ntra. Sra. de los Dolores, Ntra. Sra. de la Piedad, Santo Sepulcro y Virgen de la Soledad, que seguir\u00e1n el siguiente itinerario: calle Duc Alfons el Vell, Passeig de les Germanies, Sant Francesc de Borja, Sant Josep de Calassan\u00e7, Pl. Escoles Pies, Major, Loreto, Pl. Loreto, Loreto, Sant Pascual y Pl. Major.<\/li>\n<\/ul>\n\n\n\n<ul class=\"wp-block-list\">\n<li>El resto de Hermandades, acompa\u00f1ando a la imagen del Cristo Resucitado que iniciar\u00e1 su recorrido desde la Insigne Colegiata de Santa Mar\u00eda y continuar\u00e1 por la calle Ausi\u00e0s March, Duc Alfons el Vell, Passeig de les Germanies, Sant Francesc de Borja, Torreta, Trapig, Major, Joan Andr\u00e9s y Pl. Major. Donde tendr\u00e1 lugar el GLORIOSO ENCUENTRO de ambas im\u00e1genes con el que finalizar\u00e1n los Actos y Desfiles Procesionales de la Semana Santa.<\/li>\n<\/ul>\n\n\n\n<h2 class=\"wp-block-heading\"><span class=\"ez-toc-section\" id=\"8_DE_ABRIL_LUNES_DE_SAN_VICENTE\"><\/span>8 DE ABRIL \/ LUNES DE SAN VICENTE<span class=\"ez-toc-section-end\"><\/span><\/h2>\n\n\n\n<h3 class=\"wp-block-heading\">JUNTA MAYOR DE HERMANDADES<\/h3>\n\n\n\n<ul class=\"wp-block-list\">\n<li>A las 8,30 horas, Eucarist\u00eda de Congregantes y a continuaci\u00f3n, Procesi\u00f3n de Enfermos.<\/li>\n<\/ul>\n\n\n\n<p>En definitiva, una Semana Santa 2024 que se presenta apasionante en Gandia, con actos para todos los gustos que mantendr\u00e1n vivas nuestras tradiciones. \u00a1No te pierdas ninguno de los momentos m\u00e1s especiales de estos d\u00edas!<\/p>\n<div data-animation=\"no-animation\" data-icons-animation=\"no-animation\" data-overlay=\"\" data-change-size=\"\" data-button-size=\"0.7\" style=\"font-size:0.7em!important;display:none;\" class=\"supsystic-social-sharing supsystic-social-sharing-package-flat supsystic-social-sharing-hide-on-homepage supsystic-social-sharing-spacing supsystic-social-sharing-content supsystic-social-sharing-content-align-center\" data-text=\"\"><a data-networks=\"[]\" class=\"social-sharing-button sharer-flat sharer-flat-4 counter-standard without-counter facebook\" target=\"_blank\" title=\"Facebook\" href=\"http:\/\/www.facebook.com\/sharer.php?u=https%3A%2F%2Fhotelborgia.com%2Fblog%2Fprogramacion-de-la-semana-santa-de-gandia-2024%2F\" data-main-href=\"http:\/\/www.facebook.com\/sharer.php?u={url}\" data-nid=\"1\" data-name=\"\" data-pid=\"1\" data-post-id=\"1967\" data-url=\"https:\/\/hotelborgia.com\/blog\/wp-admin\/admin-ajax.php\" rel=\"nofollow\" data-mailto=\"\"><i class=\"fa-ssbs fa-ssbs-fw fa-ssbs-facebook\"><\/i><div class=\"counter-wrap standard\"><span class=\"counter\">0<\/span><\/div><\/a><a data-networks=\"[]\" class=\"social-sharing-button sharer-flat sharer-flat-4 counter-standard without-counter twitter\" target=\"_blank\" title=\"Twitter\" href=\"https:\/\/twitter.com\/share?url=https%3A%2F%2Fhotelborgia.com%2Fblog%2Fprogramacion-de-la-semana-santa-de-gandia-2024%2F&text=Programaci%C3%B3n+de+la+Semana+Santa+de+Gandia+2024\" data-main-href=\"https:\/\/twitter.com\/share?url={url}&text={title}\" data-nid=\"2\" data-name=\"\" data-pid=\"1\" data-post-id=\"1967\" data-url=\"https:\/\/hotelborgia.com\/blog\/wp-admin\/admin-ajax.php\" rel=\"nofollow\" data-mailto=\"\"><i class=\"fa-ssbs fa-ssbs-fw fa-ssbs-twitter\"><\/i><div class=\"counter-wrap standard\"><span class=\"counter\">0<\/span><\/div><\/a><a data-networks=\"[]\" class=\"social-sharing-button sharer-flat sharer-flat-4 counter-standard without-counter whatsapp\" target=\"_blank\" title=\"WhatsApp\" href=\"https:\/\/web.whatsapp.com\/send?text=https%3A%2F%2Fhotelborgia.com%2Fblog%2Fprogramacion-de-la-semana-santa-de-gandia-2024%2F\" data-main-href=\"https:\/\/web.whatsapp.com\/send?text={url}\" data-nid=\"18\" data-name=\"\" data-pid=\"1\" data-post-id=\"1967\" data-url=\"https:\/\/hotelborgia.com\/blog\/wp-admin\/admin-ajax.php\" rel=\"nofollow\" data-mailto=\"\"><i class=\"fa-ssbs fa-ssbs-fw fa-ssbs-whatsapp\"><\/i><div class=\"counter-wrap standard\"><span class=\"counter\">3<\/span><\/div><\/a><\/div>","protected":false},"excerpt":{"rendered":"<p>La Semana Santa de Gandia 2024 se presenta repleta de actos y procesiones para vivir con intensidad estos d\u00edas de Pasi\u00f3n. Desde el 10 de marzo y hasta el 8 de abril, las diferentes Hermandades de Semana Santa han preparado un amplio programa para todos los p\u00fablicos.<\/p>\n<div data-animation=\"no-animation\" data-icons-animation=\"no-animation\" data-overlay=\"\" data-change-size=\"\" data-button-size=\"0.7\" style=\"font-size:0.7em!important;display:none;\" class=\"supsystic-social-sharing supsystic-social-sharing-package-flat supsystic-social-sharing-hide-on-homepage supsystic-social-sharing-spacing supsystic-social-sharing-content supsystic-social-sharing-content-align-center\" data-text=\"\"><a data-networks=\"[]\" class=\"social-sharing-button sharer-flat sharer-flat-4 counter-standard without-counter facebook\" target=\"_blank\" title=\"Facebook\" href=\"http:\/\/www.facebook.com\/sharer.php?u=https%3A%2F%2Fhotelborgia.com%2Fblog%2Fprogramacion-de-la-semana-santa-de-gandia-2024%2F\" data-main-href=\"http:\/\/www.facebook.com\/sharer.php?u={url}\" data-nid=\"1\" data-name=\"\" data-pid=\"1\" data-post-id=\"1967\" data-url=\"https:\/\/hotelborgia.com\/blog\/wp-admin\/admin-ajax.php\" rel=\"nofollow\" data-mailto=\"\"><i class=\"fa-ssbs fa-ssbs-fw fa-ssbs-facebook\"><\/i><div class=\"counter-wrap standard\"><span class=\"counter\">0<\/span><\/div><\/a><a data-networks=\"[]\" class=\"social-sharing-button sharer-flat sharer-flat-4 counter-standard without-counter twitter\" target=\"_blank\" title=\"Twitter\" href=\"https:\/\/twitter.com\/share?url=https%3A%2F%2Fhotelborgia.com%2Fblog%2Fprogramacion-de-la-semana-santa-de-gandia-2024%2F&text=Programaci%C3%B3n+de+la+Semana+Santa+de+Gandia+2024\" data-main-href=\"https:\/\/twitter.com\/share?url={url}&text={title}\" data-nid=\"2\" data-name=\"\" data-pid=\"1\" data-post-id=\"1967\" data-url=\"https:\/\/hotelborgia.com\/blog\/wp-admin\/admin-ajax.php\" rel=\"nofollow\" data-mailto=\"\"><i class=\"fa-ssbs fa-ssbs-fw fa-ssbs-twitter\"><\/i><div class=\"counter-wrap standard\"><span class=\"counter\">0<\/span><\/div><\/a><a data-networks=\"[]\" class=\"social-sharing-button sharer-flat sharer-flat-4 counter-standard without-counter whatsapp\" target=\"_blank\" title=\"WhatsApp\" href=\"https:\/\/web.whatsapp.com\/send?text=https%3A%2F%2Fhotelborgia.com%2Fblog%2Fprogramacion-de-la-semana-santa-de-gandia-2024%2F\" data-main-href=\"https:\/\/web.whatsapp.com\/send?text={url}\" data-nid=\"18\" data-name=\"\" data-pid=\"1\" data-post-id=\"1967\" data-url=\"https:\/\/hotelborgia.com\/blog\/wp-admin\/admin-ajax.php\" rel=\"nofollow\" data-mailto=\"\"><i class=\"fa-ssbs fa-ssbs-fw fa-ssbs-whatsapp\"><\/i><div class=\"counter-wrap standard\"><span class=\"counter\">3<\/span><\/div><\/a><\/div>","protected":false},"author":1,"featured_media":1968,"comment_status":"closed","ping_status":"closed","sticky":false,"template":"","format":"standard","meta":{"footnotes":""},"categories":[5,120,123],"tags":[],"class_list":["post-1967","post","type-post","status-publish","format-standard","has-post-thumbnail","hentry","category-cultura","category-eventos","category-semana-santa","entry"],"_links":{"self":[{"href":"https:\/\/hotelborgia.com\/blog\/wp-json\/wp\/v2\/posts\/1967","targetHints":{"allow":["GET"]}}],"collection":[{"href":"https:\/\/hotelborgia.com\/blog\/wp-json\/wp\/v2\/posts"}],"about":[{"href":"https:\/\/hotelborgia.com\/blog\/wp-json\/wp\/v2\/types\/post"}],"author":[{"embeddable":true,"href":"https:\/\/hotelborgia.com\/blog\/wp-json\/wp\/v2\/users\/1"}],"replies":[{"embeddable":true,"href":"https:\/\/hotelborgia.com\/blog\/wp-json\/wp\/v2\/comments?post=1967"}],"version-history":[{"count":2,"href":"https:\/\/hotelborgia.com\/blog\/wp-json\/wp\/v2\/posts\/1967\/revisions"}],"predecessor-version":[{"id":1971,"href":"https:\/\/hotelborgia.com\/blog\/wp-json\/wp\/v2\/posts\/1967\/revisions\/1971"}],"wp:featuredmedia":[{"embeddable":true,"href":"https:\/\/hotelborgia.com\/blog\/wp-json\/wp\/v2\/media\/1968"}],"wp:attachment":[{"href":"https:\/\/hotelborgia.com\/blog\/wp-json\/wp\/v2\/media?parent=1967"}],"wp:term":[{"taxonomy":"category","embeddable":true,"href":"https:\/\/hotelborgia.com\/blog\/wp-json\/wp\/v2\/categories?post=1967"},{"taxonomy":"post_tag","embeddable":true,"href":"https:\/\/hotelborgia.com\/blog\/wp-json\/wp\/v2\/tags?post=1967"}],"curies":[{"name":"wp","href":"https:\/\/api.w.org\/{rel}","templated":true}]}}