{"id":2075,"date":"2024-09-23T11:27:24","date_gmt":"2024-09-23T09:27:24","guid":{"rendered":"https:\/\/hotelborgia.com\/blog\/?p=2075"},"modified":"2025-02-10T12:20:47","modified_gmt":"2025-02-10T11:20:47","slug":"la-fira-de-sant-francesc-de-borja-celebrando-la-historia-y-la-fe","status":"publish","type":"post","link":"https:\/\/hotelborgia.com\/blog\/la-fira-de-sant-francesc-de-borja-celebrando-la-historia-y-la-fe\/","title":{"rendered":"La Fira de Sant Francesc de Borja: Celebrando la Historia y la Fe"},"content":{"rendered":"\n<p>En esta edici\u00f3n especial de la Fira i Festes de Gandia, la figura de <strong>Sant Francesc de Borja<\/strong> tiene un papel protagonista, en conmemoraci\u00f3n del <strong>550 aniversario del nacimiento de la duquesa Mar\u00eda Enr\u00edquez de Luna<\/strong>, abuela del santo. Adem\u00e1s, como preparaci\u00f3n para el jubileo del a\u00f1o 2025, convocado por el papa Francisco, las reliquias de Sant Francesc de Borja visitar\u00e1n Gandia por segunda vez en la historia.<\/p>\n\n\n\n<!--more-->\n\n\n\n<p><strong>Actividades Destacadas:<\/strong><\/p>\n\n\n\n<ul class=\"wp-block-list\">\n<li><strong>Recepci\u00f3n de las reliquias de Sant Francesc de Borja<\/strong>:\n<ul class=\"wp-block-list\">\n<li><strong>Fecha<\/strong>: Viernes 13 de septiembre, 20:00 h.<\/li>\n\n\n\n<li><strong>Lugar<\/strong>: Pati d\u2019Armes del Palau Ducal.<\/li>\n\n\n\n<li>Tras la recepci\u00f3n, las reliquias ser\u00e1n trasladadas en procesi\u00f3n hasta la Insigne Colegiata de Gandia, donde permanecer\u00e1n hasta el 30 de septiembre.<\/li>\n<\/ul>\n<\/li>\n\n\n\n<li><strong>Concierto extraordinario en honor a Sant Francesc de Borja<\/strong>:\n<ul class=\"wp-block-list\">\n<li><strong>Fecha<\/strong>: Viernes 20 de septiembre, 22:00 h.<\/li>\n\n\n\n<li><strong>Lugar<\/strong>: Insigne Colegiata de Gandia.<\/li>\n\n\n\n<li><strong>Participantes<\/strong>: Coral Catedralicia de la Catedral de Valencia y Orquesta UAM Sant Francesc de Borja de Gandia. Al final del concierto, se estrenar\u00e1 un nuevo himno en honor a Sant Francesc de Borja.<\/li>\n<\/ul>\n<\/li>\n\n\n\n<li><strong>Visitas guiadas musicalizadas<\/strong>:\n<ul class=\"wp-block-list\">\n<li><strong>Fechas<\/strong>: S\u00e1bados 14 y 21 de septiembre, y domingo 29 de septiembre, 17:00 h.<\/li>\n\n\n\n<li><strong>Lugar<\/strong>: Insigne Colegiata de Gandia.<\/li>\n\n\n\n<li>Conoce el templo de referencia en Gandia y la m\u00fasica que ha acompa\u00f1ado a la parroquia de la familia Borja durante siglos.<\/li>\n\n\n\n<li><strong>Precio<\/strong>: 10 \u20ac (entrada reducida: 8 \u20ac).<\/li>\n\n\n\n<li><strong>Entradas<\/strong>: www.colegiatagandia.org y en la taquilla de la Colegiata.<\/li>\n<\/ul>\n<\/li>\n\n\n\n<li><strong>Visitas especiales Fira i Festes<\/strong>:\n<ul class=\"wp-block-list\">\n<li><strong>Fechas<\/strong>: Viernes 27 y s\u00e1bado 28 de septiembre, de 10:00 a 14:00 h y de 16:00 a 19:00 h.<\/li>\n\n\n\n<li><strong>Precio<\/strong>: 5 \u20ac (entrada \u00fanica, con autogu\u00eda).<\/li>\n\n\n\n<li><strong>Entradas<\/strong>: www.colegiatagandia.org y en la taquilla de la Colegiata.<\/li>\n<\/ul>\n<\/li>\n\n\n\n<li><strong>Misa de Pontifical y Masclet\u00e0<\/strong>:\n<ul class=\"wp-block-list\">\n<li><strong>Fecha<\/strong>: Lunes 30 de septiembre, 12:00 h.<\/li>\n\n\n\n<li><strong>Lugar<\/strong>: Insigne Colegiata de Gandia.<\/li>\n\n\n\n<li>Tras la misa, a las 14:00 h, tendr\u00e1 lugar una espectacular masclet\u00e0 en la estaci\u00f3n de Renfe, a cargo de la Pirotecnia F. A. del Mediterr\u00e1neo.<\/li>\n<\/ul>\n<\/li>\n\n\n\n<li><strong>Solemne procesi\u00f3n de despedida de las reliquias de Sant Francesc de Borja<\/strong>:\n<ul class=\"wp-block-list\">\n<li><strong>Fecha<\/strong>: Lunes 30 de septiembre, 20:00 h.<\/li>\n\n\n\n<li>Las reliquias recorrer\u00e1n el Palau Ducal, la Escola Pia y el monasterio de Santa Clara antes de regresar a la Colegiata, donde se celebrar\u00e1 un emotivo acto de despedida.<\/li>\n<\/ul>\n<\/li>\n<\/ul>\n<div data-animation=\"no-animation\" data-icons-animation=\"no-animation\" data-overlay=\"\" data-change-size=\"\" data-button-size=\"0.7\" style=\"font-size:0.7em!important;display:none;\" class=\"supsystic-social-sharing supsystic-social-sharing-package-flat supsystic-social-sharing-hide-on-homepage supsystic-social-sharing-spacing supsystic-social-sharing-content supsystic-social-sharing-content-align-center\" data-text=\"\"><a data-networks=\"[]\" class=\"social-sharing-button sharer-flat sharer-flat-4 counter-standard without-counter facebook\" target=\"_blank\" title=\"Facebook\" href=\"http:\/\/www.facebook.com\/sharer.php?u=https%3A%2F%2Fhotelborgia.com%2Fblog%2Fla-fira-de-sant-francesc-de-borja-celebrando-la-historia-y-la-fe%2F\" data-main-href=\"http:\/\/www.facebook.com\/sharer.php?u={url}\" data-nid=\"1\" data-name=\"\" data-pid=\"1\" data-post-id=\"2075\" data-url=\"https:\/\/hotelborgia.com\/blog\/wp-admin\/admin-ajax.php\" rel=\"nofollow\" data-mailto=\"\"><i class=\"fa-ssbs fa-ssbs-fw fa-ssbs-facebook\"><\/i><div class=\"counter-wrap standard\"><span class=\"counter\">0<\/span><\/div><\/a><a data-networks=\"[]\" class=\"social-sharing-button sharer-flat sharer-flat-4 counter-standard without-counter twitter\" target=\"_blank\" title=\"Twitter\" href=\"https:\/\/twitter.com\/share?url=https%3A%2F%2Fhotelborgia.com%2Fblog%2Fla-fira-de-sant-francesc-de-borja-celebrando-la-historia-y-la-fe%2F&text=La+Fira+de+Sant+Francesc+de+Borja%3A+Celebrando+la+Historia+y+la+Fe\" data-main-href=\"https:\/\/twitter.com\/share?url={url}&text={title}\" data-nid=\"2\" data-name=\"\" data-pid=\"1\" data-post-id=\"2075\" data-url=\"https:\/\/hotelborgia.com\/blog\/wp-admin\/admin-ajax.php\" rel=\"nofollow\" data-mailto=\"\"><i class=\"fa-ssbs fa-ssbs-fw fa-ssbs-twitter\"><\/i><div class=\"counter-wrap standard\"><span class=\"counter\">0<\/span><\/div><\/a><a data-networks=\"[]\" class=\"social-sharing-button sharer-flat sharer-flat-4 counter-standard without-counter whatsapp\" target=\"_blank\" title=\"WhatsApp\" href=\"https:\/\/web.whatsapp.com\/send?text=https%3A%2F%2Fhotelborgia.com%2Fblog%2Fla-fira-de-sant-francesc-de-borja-celebrando-la-historia-y-la-fe%2F\" data-main-href=\"https:\/\/web.whatsapp.com\/send?text={url}\" data-nid=\"18\" data-name=\"\" data-pid=\"1\" data-post-id=\"2075\" data-url=\"https:\/\/hotelborgia.com\/blog\/wp-admin\/admin-ajax.php\" rel=\"nofollow\" data-mailto=\"\"><i class=\"fa-ssbs fa-ssbs-fw fa-ssbs-whatsapp\"><\/i><div class=\"counter-wrap standard\"><span class=\"counter\">0<\/span><\/div><\/a><\/div>","protected":false},"excerpt":{"rendered":"<p>En esta edici\u00f3n especial de la Fira i Festes de Gandia, la figura de Sant Francesc de Borja tiene un papel protagonista, en conmemoraci\u00f3n del 550 aniversario del nacimiento de la duquesa Mar\u00eda Enr\u00edquez de Luna, abuela del santo. Adem\u00e1s, como preparaci\u00f3n para el jubileo del a\u00f1o 2025, convocado por el papa Francisco, las reliquias&hellip; <a class=\"more-link\" href=\"https:\/\/hotelborgia.com\/blog\/la-fira-de-sant-francesc-de-borja-celebrando-la-historia-y-la-fe\/\">Seguir leyendo <span class=\"screen-reader-text\">La Fira de Sant Francesc de Borja: Celebrando la Historia y la Fe<\/span><\/a><\/p>\n<div data-animation=\"no-animation\" data-icons-animation=\"no-animation\" data-overlay=\"\" data-change-size=\"\" data-button-size=\"0.7\" style=\"font-size:0.7em!important;display:none;\" class=\"supsystic-social-sharing supsystic-social-sharing-package-flat supsystic-social-sharing-hide-on-homepage supsystic-social-sharing-spacing supsystic-social-sharing-content supsystic-social-sharing-content-align-center\" data-text=\"\"><a data-networks=\"[]\" class=\"social-sharing-button sharer-flat sharer-flat-4 counter-standard without-counter facebook\" target=\"_blank\" title=\"Facebook\" href=\"http:\/\/www.facebook.com\/sharer.php?u=https%3A%2F%2Fhotelborgia.com%2Fblog%2Fla-fira-de-sant-francesc-de-borja-celebrando-la-historia-y-la-fe%2F\" data-main-href=\"http:\/\/www.facebook.com\/sharer.php?u={url}\" data-nid=\"1\" data-name=\"\" data-pid=\"1\" data-post-id=\"2075\" data-url=\"https:\/\/hotelborgia.com\/blog\/wp-admin\/admin-ajax.php\" rel=\"nofollow\" data-mailto=\"\"><i class=\"fa-ssbs fa-ssbs-fw fa-ssbs-facebook\"><\/i><div class=\"counter-wrap standard\"><span class=\"counter\">0<\/span><\/div><\/a><a data-networks=\"[]\" class=\"social-sharing-button sharer-flat sharer-flat-4 counter-standard without-counter twitter\" target=\"_blank\" title=\"Twitter\" href=\"https:\/\/twitter.com\/share?url=https%3A%2F%2Fhotelborgia.com%2Fblog%2Fla-fira-de-sant-francesc-de-borja-celebrando-la-historia-y-la-fe%2F&text=La+Fira+de+Sant+Francesc+de+Borja%3A+Celebrando+la+Historia+y+la+Fe\" data-main-href=\"https:\/\/twitter.com\/share?url={url}&text={title}\" data-nid=\"2\" data-name=\"\" data-pid=\"1\" data-post-id=\"2075\" data-url=\"https:\/\/hotelborgia.com\/blog\/wp-admin\/admin-ajax.php\" rel=\"nofollow\" data-mailto=\"\"><i class=\"fa-ssbs fa-ssbs-fw fa-ssbs-twitter\"><\/i><div class=\"counter-wrap standard\"><span class=\"counter\">0<\/span><\/div><\/a><a data-networks=\"[]\" class=\"social-sharing-button sharer-flat sharer-flat-4 counter-standard without-counter whatsapp\" target=\"_blank\" title=\"WhatsApp\" href=\"https:\/\/web.whatsapp.com\/send?text=https%3A%2F%2Fhotelborgia.com%2Fblog%2Fla-fira-de-sant-francesc-de-borja-celebrando-la-historia-y-la-fe%2F\" data-main-href=\"https:\/\/web.whatsapp.com\/send?text={url}\" data-nid=\"18\" data-name=\"\" data-pid=\"1\" data-post-id=\"2075\" data-url=\"https:\/\/hotelborgia.com\/blog\/wp-admin\/admin-ajax.php\" rel=\"nofollow\" data-mailto=\"\"><i class=\"fa-ssbs fa-ssbs-fw fa-ssbs-whatsapp\"><\/i><div class=\"counter-wrap standard\"><span class=\"counter\">0<\/span><\/div><\/a><\/div>","protected":false},"author":1,"featured_media":2076,"comment_status":"closed","ping_status":"closed","sticky":false,"template":"","format":"standard","meta":{"footnotes":""},"categories":[5,13],"tags":[],"class_list":["post-2075","post","type-post","status-publish","format-standard","has-post-thumbnail","hentry","category-cultura","category-los-borgia","entry"],"_links":{"self":[{"href":"https:\/\/hotelborgia.com\/blog\/wp-json\/wp\/v2\/posts\/2075","targetHints":{"allow":["GET"]}}],"collection":[{"href":"https:\/\/hotelborgia.com\/blog\/wp-json\/wp\/v2\/posts"}],"about":[{"href":"https:\/\/hotelborgia.com\/blog\/wp-json\/wp\/v2\/types\/post"}],"author":[{"embeddable":true,"href":"https:\/\/hotelborgia.com\/blog\/wp-json\/wp\/v2\/users\/1"}],"replies":[{"embeddable":true,"href":"https:\/\/hotelborgia.com\/blog\/wp-json\/wp\/v2\/comments?post=2075"}],"version-history":[{"count":2,"href":"https:\/\/hotelborgia.com\/blog\/wp-json\/wp\/v2\/posts\/2075\/revisions"}],"predecessor-version":[{"id":2078,"href":"https:\/\/hotelborgia.com\/blog\/wp-json\/wp\/v2\/posts\/2075\/revisions\/2078"}],"wp:featuredmedia":[{"embeddable":true,"href":"https:\/\/hotelborgia.com\/blog\/wp-json\/wp\/v2\/media\/2076"}],"wp:attachment":[{"href":"https:\/\/hotelborgia.com\/blog\/wp-json\/wp\/v2\/media?parent=2075"}],"wp:term":[{"taxonomy":"category","embeddable":true,"href":"https:\/\/hotelborgia.com\/blog\/wp-json\/wp\/v2\/categories?post=2075"},{"taxonomy":"post_tag","embeddable":true,"href":"https:\/\/hotelborgia.com\/blog\/wp-json\/wp\/v2\/tags?post=2075"}],"curies":[{"name":"wp","href":"https:\/\/api.w.org\/{rel}","templated":true}]}}