{"id":2359,"date":"2025-08-30T19:38:49","date_gmt":"2025-08-30T17:38:49","guid":{"rendered":"https:\/\/hotelborgia.com\/blog\/?p=2359"},"modified":"2025-08-30T19:38:49","modified_gmt":"2025-08-30T17:38:49","slug":"conciertos-de-la-fira-i-festes-de-gandia-2025","status":"publish","type":"post","link":"https:\/\/hotelborgia.com\/blog\/conciertos-de-la-fira-i-festes-de-gandia-2025\/","title":{"rendered":"Conciertos de la Fira i Festes de Gandia 2025"},"content":{"rendered":"\n<p>Del <strong>3 al 6 de octubre<\/strong>, Gandia celebrar\u00e1 una nueva edici\u00f3n de su <strong>Fira i Festes<\/strong>, con una variada programaci\u00f3n musical que llenar\u00e1 la ciudad de ritmo y ambiente festivo, con acceso gratuito en la mayor\u00eda de las jornadas, salvo el domingo que requerir\u00e1 invitaci\u00f3n previa. Todos los conciertos ser\u00e1n el Parque de la Fiesta (junto al Parc Ausi\u00e0s March)<\/p>\n\n\n\n<!--more-->\n\n\n\n<h2 class=\"wp-block-heading\">Programaci\u00f3n de conciertos<\/h2>\n\n\n\n<h3 class=\"wp-block-heading\">Viernes 3 de octubre (apertura de puertas a las 19:00h)<\/h3>\n\n\n\n<p>La primera noche contar\u00e1 con una combinaci\u00f3n de artistas de estilos actuales y frescos:<\/p>\n\n\n\n<ul class=\"wp-block-list\">\n<li><strong>Nil Moliner<\/strong><\/li>\n\n\n\n<li><strong>Abril<\/strong><\/li>\n\n\n\n<li><strong>Invers<\/strong><\/li>\n\n\n\n<li><strong>Fiesta tem\u00e1tica a cargo de Coco Loco<\/strong><\/li>\n\n\n\n<li><strong>Ganadores del concurso La Veu Jove<\/strong><\/li>\n<\/ul>\n\n\n\n<h3 class=\"wp-block-heading\">S\u00e1bado 4 de octubre (apertura de puertas a las 21:00h)<\/h3>\n\n\n\n<p>La jornada del s\u00e1bado estar\u00e1 marcada por el rock y el espect\u00e1culo:<\/p>\n\n\n\n<ul class=\"wp-block-list\">\n<li><strong>Los Mojinos Escozios<\/strong><\/li>\n\n\n\n<li><strong>La Fuga<\/strong><\/li>\n\n\n\n<li><strong>Cachondeo Party<\/strong><\/li>\n<\/ul>\n\n\n\n<h3 class=\"wp-block-heading\">Domingo 5 de octubre (apertura de puertas a las 21:00h, con invitaci\u00f3n)<\/h3>\n\n\n\n<p>El \u00faltimo gran concierto de las fiestas reunir\u00e1 a referentes de la m\u00fasica popular y grupos con gran proyecci\u00f3n:<\/p>\n\n\n\n<ul class=\"wp-block-list\">\n<li><strong>Camela<\/strong><\/li>\n\n\n\n<li><strong>La F\u00famiga<\/strong><\/li>\n\n\n\n<li><strong>Malifeta<\/strong><\/li>\n\n\n\n<li><strong>Sansaru<\/strong><\/li>\n<\/ul>\n\n\n\n<p>Podr\u00e1s descargar tu invitaci\u00f3n a partir del 1 de septiembre en <a href=\"http:\/\/www.grupoblacklotus.com\" target=\"_blank\" rel=\"noopener\" title=\"www.grupoblacklotus.com\">www.grupoblacklotus.com<\/a><\/p>\n\n\n\n<h2 class=\"wp-block-heading\">Informaci\u00f3n pr\u00e1ctica<\/h2>\n\n\n\n<ul class=\"wp-block-list\">\n<li><strong>Lugar<\/strong>: Parc de la Fiesta, acceso por avenida d\u2019Alacant, Gandia.<\/li>\n\n\n\n<li><strong>Acceso<\/strong>: gratuito los d\u00edas 3 y 4. Para el domingo 5 ser\u00e1 necesaria invitaci\u00f3n, disponible desde el 1 de septiembre a trav\u00e9s de la web oficial indicada.<\/li>\n\n\n\n<li><strong>Horarios de apertura de puertas<\/strong>: 19:00h el viernes, 21:00h s\u00e1bado y domingo.<\/li>\n<\/ul>\n\n\n\n<h3 class=\"wp-block-heading\">Programaci\u00f3n en el Teatro Serrano<\/h3>\n\n\n\n<p>El Teatro Serrano se suma a la agenda cultural de la <strong>Fira i Festes de Gandia 2025<\/strong> con propuestas de m\u00fasica, magia y circo contempor\u00e1neo. La programaci\u00f3n prevista es la siguiente:<\/p>\n\n\n\n<ul class=\"wp-block-list\">\n<li><strong>3 y 4 de octubre<\/strong> \u2013 <em>We Love Disco<\/em> (Yllana). Funciones el viernes 3 a las 22:00 h y el s\u00e1bado 4 a las 19:00 h y 22:00 h.<\/li>\n\n\n\n<li><strong>5 de octubre<\/strong> \u2013 <em>El Mago Invisible: Nada es lo que parece<\/em>, con pases a las 19:00 h y 22:00 h.<\/li>\n\n\n\n<li><strong>6 de octubre<\/strong> \u2013 <em>28\u00ba Circ d\u2019Hivern<\/em> de Glatir, en una \u00fanica funci\u00f3n a las 20:00 h.<\/li>\n<\/ul>\n\n\n\n<p>Las entradas pueden adquirirse online en <strong>Viva Ticket<\/strong> o de forma presencial en la <strong>Casa de Cultura<\/strong>. Una vez est\u00e9 operativa la web oficial de la Fira i Festes, todos los enlaces de compra quedar\u00e1n integrados en ese portal.<\/p>\n\n\n\n<h3 class=\"wp-block-heading\">Seguridad y accesos en la Fira i Festes de Gandia 2025<\/h3>\n\n\n\n<ul class=\"wp-block-list\">\n<li>El <strong>Parque de la Fiesta<\/strong> contar\u00e1 con un aforo m\u00e1ximo de <strong>8.000 personas<\/strong>.<\/li>\n\n\n\n<li>Se habilitar\u00e1 un <strong>nuevo acceso<\/strong> por el puente de la avenida de Alicante para mejorar la fluidez y evitar concentraciones.<\/li>\n\n\n\n<li>El <strong>Departamento de Igualdad, Diversidad y Pol\u00edticas Inclusivas<\/strong>, junto con la unidad <strong>GESAMI de la Polic\u00eda Local<\/strong> y asociaciones <strong>LGTBI<\/strong>, colaborar\u00e1n para asegurar un entorno <strong>seguro e inclusivo<\/strong>, libre de agresiones.<\/li>\n<\/ul>\n\n\n\n<p>La Fira i Festes de Gandia 2025 ofrece una programaci\u00f3n musical diversa que promete atraer a p\u00fablicos de todas las edades y gustos. Una cita imprescindible para quienes quieran disfrutar de la cultura y la m\u00fasica en un ambiente festivo \u00fanico en la ciudad.<\/p>\n\n\n\n<figure class=\"wp-block-image size-full\"><img loading=\"lazy\" decoding=\"async\" width=\"515\" height=\"736\" src=\"https:\/\/hotelborgia.com\/blog\/wp-content\/uploads\/2025\/08\/image.png\" alt=\"\" class=\"wp-image-2361\" srcset=\"https:\/\/hotelborgia.com\/blog\/wp-content\/uploads\/2025\/08\/image.png 515w, https:\/\/hotelborgia.com\/blog\/wp-content\/uploads\/2025\/08\/image-210x300.png 210w\" sizes=\"auto, (max-width: 515px) 100vw, 515px\" \/><\/figure>\n<div data-animation=\"no-animation\" data-icons-animation=\"no-animation\" data-overlay=\"\" data-change-size=\"\" data-button-size=\"0.7\" style=\"font-size:0.7em!important;display:none;\" class=\"supsystic-social-sharing supsystic-social-sharing-package-flat supsystic-social-sharing-hide-on-homepage supsystic-social-sharing-spacing supsystic-social-sharing-content supsystic-social-sharing-content-align-center\" data-text=\"\"><a data-networks=\"[]\" class=\"social-sharing-button sharer-flat sharer-flat-4 counter-standard without-counter facebook\" target=\"_blank\" title=\"Facebook\" href=\"http:\/\/www.facebook.com\/sharer.php?u=https%3A%2F%2Fhotelborgia.com%2Fblog%2Fconciertos-de-la-fira-i-festes-de-gandia-2025%2F\" data-main-href=\"http:\/\/www.facebook.com\/sharer.php?u={url}\" data-nid=\"1\" data-name=\"\" data-pid=\"1\" data-post-id=\"2359\" data-url=\"https:\/\/hotelborgia.com\/blog\/wp-admin\/admin-ajax.php\" rel=\"nofollow\" data-mailto=\"\"><i class=\"fa-ssbs fa-ssbs-fw fa-ssbs-facebook\"><\/i><div class=\"counter-wrap standard\"><span class=\"counter\">0<\/span><\/div><\/a><a data-networks=\"[]\" class=\"social-sharing-button sharer-flat sharer-flat-4 counter-standard without-counter twitter\" target=\"_blank\" title=\"Twitter\" href=\"https:\/\/twitter.com\/share?url=https%3A%2F%2Fhotelborgia.com%2Fblog%2Fconciertos-de-la-fira-i-festes-de-gandia-2025%2F&text=Conciertos+de+la+Fira+i+Festes+de+Gandia+2025\" data-main-href=\"https:\/\/twitter.com\/share?url={url}&text={title}\" data-nid=\"2\" data-name=\"\" data-pid=\"1\" data-post-id=\"2359\" data-url=\"https:\/\/hotelborgia.com\/blog\/wp-admin\/admin-ajax.php\" rel=\"nofollow\" data-mailto=\"\"><i class=\"fa-ssbs fa-ssbs-fw fa-ssbs-twitter\"><\/i><div class=\"counter-wrap standard\"><span class=\"counter\">0<\/span><\/div><\/a><a data-networks=\"[]\" class=\"social-sharing-button sharer-flat sharer-flat-4 counter-standard without-counter whatsapp\" target=\"_blank\" title=\"WhatsApp\" href=\"https:\/\/web.whatsapp.com\/send?text=https%3A%2F%2Fhotelborgia.com%2Fblog%2Fconciertos-de-la-fira-i-festes-de-gandia-2025%2F\" data-main-href=\"https:\/\/web.whatsapp.com\/send?text={url}\" data-nid=\"18\" data-name=\"\" data-pid=\"1\" data-post-id=\"2359\" data-url=\"https:\/\/hotelborgia.com\/blog\/wp-admin\/admin-ajax.php\" rel=\"nofollow\" data-mailto=\"\"><i class=\"fa-ssbs fa-ssbs-fw fa-ssbs-whatsapp\"><\/i><div class=\"counter-wrap standard\"><span class=\"counter\">0<\/span><\/div><\/a><\/div>","protected":false},"excerpt":{"rendered":"<p>Del 3 al 6 de octubre, Gandia celebrar\u00e1 una nueva edici\u00f3n de su Fira i Festes, con una variada programaci\u00f3n musical que llenar\u00e1 la ciudad de ritmo y ambiente festivo.<\/p>\n<div data-animation=\"no-animation\" data-icons-animation=\"no-animation\" data-overlay=\"\" data-change-size=\"\" data-button-size=\"0.7\" style=\"font-size:0.7em!important;display:none;\" class=\"supsystic-social-sharing supsystic-social-sharing-package-flat supsystic-social-sharing-hide-on-homepage supsystic-social-sharing-spacing supsystic-social-sharing-content supsystic-social-sharing-content-align-center\" data-text=\"\"><a data-networks=\"[]\" class=\"social-sharing-button sharer-flat sharer-flat-4 counter-standard without-counter facebook\" target=\"_blank\" title=\"Facebook\" href=\"http:\/\/www.facebook.com\/sharer.php?u=https%3A%2F%2Fhotelborgia.com%2Fblog%2Fconciertos-de-la-fira-i-festes-de-gandia-2025%2F\" data-main-href=\"http:\/\/www.facebook.com\/sharer.php?u={url}\" data-nid=\"1\" data-name=\"\" data-pid=\"1\" data-post-id=\"2359\" data-url=\"https:\/\/hotelborgia.com\/blog\/wp-admin\/admin-ajax.php\" rel=\"nofollow\" data-mailto=\"\"><i class=\"fa-ssbs fa-ssbs-fw fa-ssbs-facebook\"><\/i><div class=\"counter-wrap standard\"><span class=\"counter\">0<\/span><\/div><\/a><a data-networks=\"[]\" class=\"social-sharing-button sharer-flat sharer-flat-4 counter-standard without-counter twitter\" target=\"_blank\" title=\"Twitter\" href=\"https:\/\/twitter.com\/share?url=https%3A%2F%2Fhotelborgia.com%2Fblog%2Fconciertos-de-la-fira-i-festes-de-gandia-2025%2F&text=Conciertos+de+la+Fira+i+Festes+de+Gandia+2025\" data-main-href=\"https:\/\/twitter.com\/share?url={url}&text={title}\" data-nid=\"2\" data-name=\"\" data-pid=\"1\" data-post-id=\"2359\" data-url=\"https:\/\/hotelborgia.com\/blog\/wp-admin\/admin-ajax.php\" rel=\"nofollow\" data-mailto=\"\"><i class=\"fa-ssbs fa-ssbs-fw fa-ssbs-twitter\"><\/i><div class=\"counter-wrap standard\"><span class=\"counter\">0<\/span><\/div><\/a><a data-networks=\"[]\" class=\"social-sharing-button sharer-flat sharer-flat-4 counter-standard without-counter whatsapp\" target=\"_blank\" title=\"WhatsApp\" href=\"https:\/\/web.whatsapp.com\/send?text=https%3A%2F%2Fhotelborgia.com%2Fblog%2Fconciertos-de-la-fira-i-festes-de-gandia-2025%2F\" data-main-href=\"https:\/\/web.whatsapp.com\/send?text={url}\" data-nid=\"18\" data-name=\"\" data-pid=\"1\" data-post-id=\"2359\" data-url=\"https:\/\/hotelborgia.com\/blog\/wp-admin\/admin-ajax.php\" rel=\"nofollow\" data-mailto=\"\"><i class=\"fa-ssbs fa-ssbs-fw fa-ssbs-whatsapp\"><\/i><div class=\"counter-wrap standard\"><span class=\"counter\">0<\/span><\/div><\/a><\/div>","protected":false},"author":1,"featured_media":2362,"comment_status":"closed","ping_status":"closed","sticky":false,"template":"","format":"standard","meta":{"footnotes":""},"categories":[200,15],"tags":[],"class_list":["post-2359","post","type-post","status-publish","format-standard","has-post-thumbnail","hentry","category-fiestas","category-musica","entry"],"_links":{"self":[{"href":"https:\/\/hotelborgia.com\/blog\/wp-json\/wp\/v2\/posts\/2359","targetHints":{"allow":["GET"]}}],"collection":[{"href":"https:\/\/hotelborgia.com\/blog\/wp-json\/wp\/v2\/posts"}],"about":[{"href":"https:\/\/hotelborgia.com\/blog\/wp-json\/wp\/v2\/types\/post"}],"author":[{"embeddable":true,"href":"https:\/\/hotelborgia.com\/blog\/wp-json\/wp\/v2\/users\/1"}],"replies":[{"embeddable":true,"href":"https:\/\/hotelborgia.com\/blog\/wp-json\/wp\/v2\/comments?post=2359"}],"version-history":[{"count":1,"href":"https:\/\/hotelborgia.com\/blog\/wp-json\/wp\/v2\/posts\/2359\/revisions"}],"predecessor-version":[{"id":2363,"href":"https:\/\/hotelborgia.com\/blog\/wp-json\/wp\/v2\/posts\/2359\/revisions\/2363"}],"wp:featuredmedia":[{"embeddable":true,"href":"https:\/\/hotelborgia.com\/blog\/wp-json\/wp\/v2\/media\/2362"}],"wp:attachment":[{"href":"https:\/\/hotelborgia.com\/blog\/wp-json\/wp\/v2\/media?parent=2359"}],"wp:term":[{"taxonomy":"category","embeddable":true,"href":"https:\/\/hotelborgia.com\/blog\/wp-json\/wp\/v2\/categories?post=2359"},{"taxonomy":"post_tag","embeddable":true,"href":"https:\/\/hotelborgia.com\/blog\/wp-json\/wp\/v2\/tags?post=2359"}],"curies":[{"name":"wp","href":"https:\/\/api.w.org\/{rel}","templated":true}]}}