{"id":3836,"date":"2026-09-04T21:28:36","date_gmt":"2026-09-04T19:28:36","guid":{"rendered":"https:\/\/hotelborgia.com\/blog\/?p=3836"},"modified":"2026-09-04T21:28:37","modified_gmt":"2026-09-04T19:28:37","slug":"gandiautor-2026-concerts-chanson-auteur-gandia","status":"publish","type":"post","link":"https:\/\/hotelborgia.com\/blog\/gandiautor-2026-concerts-chanson-auteur-gandia\/","title":{"rendered":"Gandiautor 2026 : vingt ans de chanson d\u2019auteur \u00e0 Gandia"},"content":{"rendered":"\n<p class=\"wp-block-paragraph\"><strong>Du 16 octobre au 27 novembre 2026<\/strong>, Gandiautor c\u00e9l\u00e8bre son <strong>20e anniversaire<\/strong> avec six soir\u00e9es consacr\u00e9es \u00e0 la chanson d\u2019auteur \u00e0 la <strong>Sala Fomento de Gandia<\/strong>. El Kanka, David Otero, La Habitaci\u00f3n Roja, Carlos Sadness, Mercedes Ca\u00f1as et Pedro Guerra sont les t\u00eates d\u2019affiche d\u2019un programme r\u00e9unissant douze artistes.<\/p>\n\n\n<!--more-->\n\n\n\n\n<p class=\"wp-block-paragraph\">Le cycle permet d\u2019int\u00e9grer un concert \u00e0 une escapade automnale : choisir l\u2019une des six dates et consacrer le reste du week-end \u00e0 la d\u00e9couverte de la ville. Les concerts se tiennent dans la salle principale de l\u2019<strong>Edificio de Fomento AIC<\/strong>, dans un cadre qui favorise la proximit\u00e9 entre les musiciens et le public.<\/p>\n\n\n<div id=\"ez-toc-container\" class=\"ez-toc-v2_0_87 counter-hierarchy ez-toc-counter ez-toc-custom ez-toc-container-direction\">\n<p class=\"ez-toc-title\" style=\"cursor:inherit\">Contenidos<\/p>\n<label for=\"ez-toc-cssicon-toggle-item-6a9b4dc0b32ac\" class=\"ez-toc-cssicon-toggle-label\"><span class=\"\"><span class=\"eztoc-hide\" style=\"display:none;\">Toggle<\/span><span class=\"ez-toc-icon-toggle-span\"><svg style=\"fill: #e41725;color:#e41725\" xmlns=\"http:\/\/www.w3.org\/2000\/svg\" class=\"list-377408\" width=\"20px\" height=\"20px\" viewBox=\"0 0 24 24\" fill=\"none\"><path d=\"M6 6H4v2h2V6zm14 0H8v2h12V6zM4 11h2v2H4v-2zm16 0H8v2h12v-2zM4 16h2v2H4v-2zm16 0H8v2h12v-2z\" fill=\"currentColor\"><\/path><\/svg><svg style=\"fill: #e41725;color:#e41725\" class=\"arrow-unsorted-368013\" xmlns=\"http:\/\/www.w3.org\/2000\/svg\" width=\"10px\" height=\"10px\" viewBox=\"0 0 24 24\" version=\"1.2\" baseProfile=\"tiny\"><path d=\"M18.2 9.3l-6.2-6.3-6.2 6.3c-.2.2-.3.4-.3.7s.1.5.3.7c.2.2.4.3.7.3h11c.3 0 .5-.1.7-.3.2-.2.3-.5.3-.7s-.1-.5-.3-.7zM5.8 14.7l6.2 6.3 6.2-6.3c.2-.2.3-.5.3-.7s-.1-.5-.3-.7c-.2-.2-.4-.3-.7-.3h-11c-.3 0-.5.1-.7.3-.2.2-.3.5-.3.7s.1.5.3.7z\"\/><\/svg><\/span><\/span><\/label><input type=\"checkbox\"  id=\"ez-toc-cssicon-toggle-item-6a9b4dc0b32ac\"  aria-label=\"Alternar\" \/><nav><ul class='ez-toc-list ez-toc-list-level-1 ' ><li class='ez-toc-page-1 ez-toc-heading-level-2'><a class=\"ez-toc-link ez-toc-heading-1\" href=\"https:\/\/hotelborgia.com\/blog\/gandiautor-2026-concerts-chanson-auteur-gandia\/#Vingt_ans_de_chanson_dauteur\" >Vingt ans de chanson d\u2019auteur<\/a><\/li><li class='ez-toc-page-1 ez-toc-heading-level-2'><a class=\"ez-toc-link ez-toc-heading-2\" href=\"https:\/\/hotelborgia.com\/blog\/gandiautor-2026-concerts-chanson-auteur-gandia\/#Programme_de_Gandiautor_2026\" >Programme de Gandiautor 2026<\/a><\/li><li class='ez-toc-page-1 ez-toc-heading-level-2'><a class=\"ez-toc-link ez-toc-heading-3\" href=\"https:\/\/hotelborgia.com\/blog\/gandiautor-2026-concerts-chanson-auteur-gandia\/#Une_escapade_avec_concert_a_Gandia\" >Une escapade avec concert \u00e0 Gandia<\/a><\/li><li class='ez-toc-page-1 ez-toc-heading-level-2'><a class=\"ez-toc-link ez-toc-heading-4\" href=\"https:\/\/hotelborgia.com\/blog\/gandiautor-2026-concerts-chanson-auteur-gandia\/#Lieu_des_concerts_et_billetterie\" >Lieu des concerts et billetterie<\/a><\/li><\/ul><\/nav><\/div>\n<h2 class=\"wp-block-heading\"><span class=\"ez-toc-section\" id=\"Vingt_ans_de_chanson_dauteur\"><\/span>Vingt ans de chanson d\u2019auteur<span class=\"ez-toc-section-end\"><\/span><\/h2>\n\n\n<p class=\"wp-block-paragraph\">Cr\u00e9\u00e9 en <strong>2006<\/strong>, Gandiautor a accueilli des artistes tels qu\u2019Ismael Serrano, Antonio Vega, Quique Gonz\u00e1lez ou Iv\u00e1n Ferreiro. La programmation anniversaire associe des artistes confirm\u00e9s \u00e0 de nouveaux talents, avec six affiches partag\u00e9es qui permettent d\u2019\u00e9couter deux artistes ou groupes au cours de chaque soir\u00e9e.<\/p>\n\n\n<h2 class=\"wp-block-heading\"><span class=\"ez-toc-section\" id=\"Programme_de_Gandiautor_2026\"><\/span>Programme de Gandiautor 2026<span class=\"ez-toc-section-end\"><\/span><\/h2>\n\n\n<p class=\"wp-block-paragraph\">Tous les concerts sont annonc\u00e9s \u00e0 <strong>21 h 30<\/strong>. Le calendrier comprend trois dates en octobre et trois autres en novembre :<\/p>\n\n\n<ul class=\"wp-block-list\">\n<li><strong>16 octobre:<\/strong> El Kanka + Roble.<\/li>\n<li><strong>23 octobre:<\/strong> David Otero + Luis Carrillo.<\/li>\n<li><strong>30 octobre:<\/strong> La Habitaci\u00f3n Roja + Mendizabal.<\/li>\n<li><strong>6 novembre:<\/strong> Carlos Sadness + Juan Belda.<\/li>\n<li><strong>13 novembre:<\/strong> Mercedes Ca\u00f1as + POL 3.14.<\/li>\n<li><strong>27 novembre:<\/strong> Pedro Guerra + Javi Puig.<\/li>\n<\/ul>\n\n\n<p class=\"wp-block-paragraph\">Les six dates tombent un vendredi. Attention \u00e0 l\u2019intervalle entre les deux derniers concerts : apr\u00e8s le 13 novembre, le cycle reprend le 27 novembre.<\/p>\n\n\n<h2 class=\"wp-block-heading\"><span class=\"ez-toc-section\" id=\"Une_escapade_avec_concert_a_Gandia\"><\/span>Une escapade avec concert \u00e0 Gandia<span class=\"ez-toc-section-end\"><\/span><\/h2>\n\n\n<p class=\"wp-block-paragraph\">Si vous venez pour un concert et disposez de temps pour d\u00e9couvrir Gandia, vous pouvez pr\u00e9voir une visite du <a href=\"https:\/\/hotelborgia.com\/blog\/palais-ducal-borgia-gandia-histoire-visite\/\">palais ducal des Borgia<\/a>. Pour organiser le reste du s\u00e9jour, notre s\u00e9lection de <a href=\"https:\/\/hotelborgia.com\/blog\/5-lieux-incontournables-visiter-gandia\/\">cinq lieux \u00e0 visiter \u00e0 Gandia<\/a> r\u00e9unit d\u2019autres sites d\u2019int\u00e9r\u00eat et permet de choisir un itin\u00e9raire en fonction du temps disponible.<\/p>\n\n\n<h2 class=\"wp-block-heading\"><span class=\"ez-toc-section\" id=\"Lieu_des_concerts_et_billetterie\"><\/span>Lieu des concerts et billetterie<span class=\"ez-toc-section-end\"><\/span><\/h2>\n\n\n<p class=\"wp-block-paragraph\">Les concerts ont lieu dans la <strong>salle principale de l\u2019Edificio de Fomento AIC<\/strong>, au <strong>carrer de Sant Francesc de Borja, 56<\/strong>. Pour consulter la billetterie, les tarifs et les disponibilit\u00e9s, rendez-vous sur le <a href=\"https:\/\/gandiautor.com\/\" target=\"_blank\" rel=\"noopener\">site officiel de Gandiautor<\/a> et s\u00e9lectionnez le concert qui vous int\u00e9resse.<\/p>\n\n\n\n<script type=\"application\/ld+json\">\n{\n  \"@context\": \"https:\/\/schema.org\",\n  \"@graph\": [\n    {\n      \"@type\": \"MusicEvent\",\n      \"name\": \"El Kanka + Roble \u00b7 Gandiautor 2026\",\n      \"startDate\": \"2026-10-16T21:30:00+02:00\",\n      \"eventStatus\": \"https:\/\/schema.org\/EventScheduled\",\n      \"eventAttendanceMode\": \"https:\/\/schema.org\/OfflineEventAttendanceMode\",\n      \"location\": {\n        \"@type\": \"Place\",\n        \"name\": \"Salle principale de l\u2019Edificio de Fomento AIC\",\n        \"address\": {\n          \"@type\": \"PostalAddress\",\n          \"streetAddress\": \"Carrer de Sant Francesc de Borja, 56\",\n          \"addressLocality\": \"Gandia\",\n          \"addressCountry\": \"ES\"\n        }\n      },\n      \"image\": \"https:\/\/hotelborgia.com\/blog\/wp-content\/uploads\/2026\/09\/2026-09-04-gandiautor-2026.cartel.webp\",\n      \"performer\": [\n        {\n          \"@type\": \"PerformingGroup\",\n          \"name\": \"El Kanka\"\n        },\n        {\n          \"@type\": \"PerformingGroup\",\n          \"name\": \"Roble\"\n        }\n      ],\n      \"inLanguage\": \"fr-FR\"\n    },\n    {\n      \"@type\": \"MusicEvent\",\n      \"name\": \"David Otero + Luis Carrillo \u00b7 Gandiautor 2026\",\n      \"startDate\": \"2026-10-23T21:30:00+02:00\",\n      \"eventStatus\": \"https:\/\/schema.org\/EventScheduled\",\n      \"eventAttendanceMode\": \"https:\/\/schema.org\/OfflineEventAttendanceMode\",\n      \"location\": {\n        \"@type\": \"Place\",\n        \"name\": \"Salle principale de l\u2019Edificio de Fomento AIC\",\n        \"address\": {\n          \"@type\": \"PostalAddress\",\n          \"streetAddress\": \"Carrer de Sant Francesc de Borja, 56\",\n          \"addressLocality\": \"Gandia\",\n          \"addressCountry\": \"ES\"\n        }\n      },\n      \"image\": \"https:\/\/hotelborgia.com\/blog\/wp-content\/uploads\/2026\/09\/2026-09-04-gandiautor-2026.cartel.webp\",\n      \"performer\": [\n        {\n          \"@type\": \"PerformingGroup\",\n          \"name\": \"David Otero\"\n        },\n        {\n          \"@type\": \"PerformingGroup\",\n          \"name\": \"Luis Carrillo\"\n        }\n      ],\n      \"inLanguage\": \"fr-FR\"\n    },\n    {\n      \"@type\": \"MusicEvent\",\n      \"name\": \"La Habitaci\u00f3n Roja + Mendizabal \u00b7 Gandiautor 2026\",\n      \"startDate\": \"2026-10-30T21:30:00+01:00\",\n      \"eventStatus\": \"https:\/\/schema.org\/EventScheduled\",\n      \"eventAttendanceMode\": \"https:\/\/schema.org\/OfflineEventAttendanceMode\",\n      \"location\": {\n        \"@type\": \"Place\",\n        \"name\": \"Salle principale de l\u2019Edificio de Fomento AIC\",\n        \"address\": {\n          \"@type\": \"PostalAddress\",\n          \"streetAddress\": \"Carrer de Sant Francesc de Borja, 56\",\n          \"addressLocality\": \"Gandia\",\n          \"addressCountry\": \"ES\"\n        }\n      },\n      \"image\": \"https:\/\/hotelborgia.com\/blog\/wp-content\/uploads\/2026\/09\/2026-09-04-gandiautor-2026.cartel.webp\",\n      \"performer\": [\n        {\n          \"@type\": \"PerformingGroup\",\n          \"name\": \"La Habitaci\u00f3n Roja\"\n        },\n        {\n          \"@type\": \"PerformingGroup\",\n          \"name\": \"Mendizabal\"\n        }\n      ],\n      \"inLanguage\": \"fr-FR\"\n    },\n    {\n      \"@type\": \"MusicEvent\",\n      \"name\": \"Carlos Sadness + Juan Belda \u00b7 Gandiautor 2026\",\n      \"startDate\": \"2026-11-06T21:30:00+01:00\",\n      \"eventStatus\": \"https:\/\/schema.org\/EventScheduled\",\n      \"eventAttendanceMode\": \"https:\/\/schema.org\/OfflineEventAttendanceMode\",\n      \"location\": {\n        \"@type\": \"Place\",\n        \"name\": \"Salle principale de l\u2019Edificio de Fomento AIC\",\n        \"address\": {\n          \"@type\": \"PostalAddress\",\n          \"streetAddress\": \"Carrer de Sant Francesc de Borja, 56\",\n          \"addressLocality\": \"Gandia\",\n          \"addressCountry\": \"ES\"\n        }\n      },\n      \"image\": \"https:\/\/hotelborgia.com\/blog\/wp-content\/uploads\/2026\/09\/2026-09-04-gandiautor-2026.cartel.webp\",\n      \"performer\": [\n        {\n          \"@type\": \"PerformingGroup\",\n          \"name\": \"Carlos Sadness\"\n        },\n        {\n          \"@type\": \"PerformingGroup\",\n          \"name\": \"Juan Belda\"\n        }\n      ],\n      \"inLanguage\": \"fr-FR\"\n    },\n    {\n      \"@type\": \"MusicEvent\",\n      \"name\": \"Mercedes Ca\u00f1as + POL 3.14 \u00b7 Gandiautor 2026\",\n      \"startDate\": \"2026-11-13T21:30:00+01:00\",\n      \"eventStatus\": \"https:\/\/schema.org\/EventScheduled\",\n      \"eventAttendanceMode\": \"https:\/\/schema.org\/OfflineEventAttendanceMode\",\n      \"location\": {\n        \"@type\": \"Place\",\n        \"name\": \"Salle principale de l\u2019Edificio de Fomento AIC\",\n        \"address\": {\n          \"@type\": \"PostalAddress\",\n          \"streetAddress\": \"Carrer de Sant Francesc de Borja, 56\",\n          \"addressLocality\": \"Gandia\",\n          \"addressCountry\": \"ES\"\n        }\n      },\n      \"image\": \"https:\/\/hotelborgia.com\/blog\/wp-content\/uploads\/2026\/09\/2026-09-04-gandiautor-2026.cartel.webp\",\n      \"performer\": [\n        {\n          \"@type\": \"PerformingGroup\",\n          \"name\": \"Mercedes Ca\u00f1as\"\n        },\n        {\n          \"@type\": \"PerformingGroup\",\n          \"name\": \"POL 3.14\"\n        }\n      ],\n      \"inLanguage\": \"fr-FR\"\n    },\n    {\n      \"@type\": \"MusicEvent\",\n      \"name\": \"Pedro Guerra + Javi Puig \u00b7 Gandiautor 2026\",\n      \"startDate\": \"2026-11-27T21:30:00+01:00\",\n      \"eventStatus\": \"https:\/\/schema.org\/EventScheduled\",\n      \"eventAttendanceMode\": \"https:\/\/schema.org\/OfflineEventAttendanceMode\",\n      \"location\": {\n        \"@type\": \"Place\",\n        \"name\": \"Salle principale de l\u2019Edificio de Fomento AIC\",\n        \"address\": {\n          \"@type\": \"PostalAddress\",\n          \"streetAddress\": \"Carrer de Sant Francesc de Borja, 56\",\n          \"addressLocality\": \"Gandia\",\n          \"addressCountry\": \"ES\"\n        }\n      },\n      \"image\": \"https:\/\/hotelborgia.com\/blog\/wp-content\/uploads\/2026\/09\/2026-09-04-gandiautor-2026.cartel.webp\",\n      \"performer\": [\n        {\n          \"@type\": \"PerformingGroup\",\n          \"name\": \"Pedro Guerra\"\n        },\n        {\n          \"@type\": \"PerformingGroup\",\n          \"name\": \"Javi Puig\"\n        }\n      ],\n      \"inLanguage\": \"fr-FR\"\n    }\n  ]\n}\n<\/script>\n\n","protected":false},"excerpt":{"rendered":"<p>Du 16 octobre au 27 novembre 2026, Gandiautor c\u00e9l\u00e8bre son 20e anniversaire avec six soir\u00e9es consacr\u00e9es \u00e0 la chanson d\u2019auteur \u00e0 la Sala Fomento de Gandia. El Kanka, David Otero, La Habitaci\u00f3n Roja, Carlos Sadness, Mercedes Ca\u00f1as et Pedro Guerra sont les t\u00eates d\u2019affiche d\u2019un programme r\u00e9unissant douze artistes.<\/p>\n","protected":false},"author":1,"featured_media":3830,"comment_status":"closed","ping_status":"closed","sticky":false,"template":"","format":"standard","meta":{"borgia26_language":"fr","borgia26_translation_group":"gandiautor-2026","footnotes":""},"categories":[5,15],"tags":[],"class_list":["post-3836","post","type-post","status-publish","format-standard","has-post-thumbnail","hentry","category-cultura","category-musica"],"_links":{"self":[{"href":"https:\/\/hotelborgia.com\/blog\/wp-json\/wp\/v2\/posts\/3836","targetHints":{"allow":["GET"]}}],"collection":[{"href":"https:\/\/hotelborgia.com\/blog\/wp-json\/wp\/v2\/posts"}],"about":[{"href":"https:\/\/hotelborgia.com\/blog\/wp-json\/wp\/v2\/types\/post"}],"author":[{"embeddable":true,"href":"https:\/\/hotelborgia.com\/blog\/wp-json\/wp\/v2\/users\/1"}],"replies":[{"embeddable":true,"href":"https:\/\/hotelborgia.com\/blog\/wp-json\/wp\/v2\/comments?post=3836"}],"version-history":[{"count":1,"href":"https:\/\/hotelborgia.com\/blog\/wp-json\/wp\/v2\/posts\/3836\/revisions"}],"predecessor-version":[{"id":3837,"href":"https:\/\/hotelborgia.com\/blog\/wp-json\/wp\/v2\/posts\/3836\/revisions\/3837"}],"wp:featuredmedia":[{"embeddable":true,"href":"https:\/\/hotelborgia.com\/blog\/wp-json\/wp\/v2\/media\/3830"}],"wp:attachment":[{"href":"https:\/\/hotelborgia.com\/blog\/wp-json\/wp\/v2\/media?parent=3836"}],"wp:term":[{"taxonomy":"category","embeddable":true,"href":"https:\/\/hotelborgia.com\/blog\/wp-json\/wp\/v2\/categories?post=3836"},{"taxonomy":"post_tag","embeddable":true,"href":"https:\/\/hotelborgia.com\/blog\/wp-json\/wp\/v2\/tags?post=3836"}],"curies":[{"name":"wp","href":"https:\/\/api.w.org\/{rel}","templated":true}]}}